{"id":21942,"date":"2023-12-11T16:31:16","date_gmt":"2023-12-11T16:31:16","guid":{"rendered":"https:\/\/tjerkstra.com\/wordpress\/?p=21942"},"modified":"2023-12-11T16:31:16","modified_gmt":"2023-12-11T16:31:16","slug":"nei-fjoer-de-dage","status":"publish","type":"post","link":"https:\/\/tjerkstra.com\/wordpress\/polityk\/nei-fjoer-de-dage\/","title":{"rendered":"Nei fjoer de dage"},"content":{"rendered":"\n<figure class=\"wp-block-image size-large is-style-default\"><img loading=\"lazy\" decoding=\"async\" width=\"600\" height=\"400\" src=\"https:\/\/tjerkstra.com\/wordpress\/wp-content\/uploads\/2023\/12\/P1100347-600x400.jpg\" alt=\"\" class=\"wp-image-21944\" srcset=\"https:\/\/tjerkstra.com\/wordpress\/wp-content\/uploads\/2023\/12\/P1100347-600x400.jpg 600w, https:\/\/tjerkstra.com\/wordpress\/wp-content\/uploads\/2023\/12\/P1100347-300x200.jpg 300w, https:\/\/tjerkstra.com\/wordpress\/wp-content\/uploads\/2023\/12\/P1100347-768x512.jpg 768w, https:\/\/tjerkstra.com\/wordpress\/wp-content\/uploads\/2023\/12\/P1100347-1536x1024.jpg 1536w, https:\/\/tjerkstra.com\/wordpress\/wp-content\/uploads\/2023\/12\/P1100347-2048x1365.jpg 2048w, https:\/\/tjerkstra.com\/wordpress\/wp-content\/uploads\/2023\/12\/P1100347-525x350.jpg 525w, https:\/\/tjerkstra.com\/wordpress\/wp-content\/uploads\/2023\/12\/P1100347-102x68.jpg 102w\" sizes=\"auto, (max-width: 600px) 100vw, 600px\" \/><\/figure>\n\n\n\n<p><br>Kin de himel fjoer ferdrage<br>dat troch bom nei bom \u00fbntstiet<br>en l\u00f4get yn it tsjuster op<br>om te ferbr\u00e2nen wat noch libbet,<br>lea nei geast of tagelyk&#8230;<br>wurdt ea de top fuortfage?<br><br>Toppunt is as lieders roppe<br>dat it om de frede giet<br>foar eigen steat dy\u2019t lang ferkeart<br>al yn in steat fan driigjend \u00fbnheil,<br>dat de bom wol keare kin&#8230;<br>kin mem har bern ferstopje?<br><br>Lieders kinne feesten fiere<br>fan \u2019t chanoekaljocht of \u2019t bern,<br>hoewol\u2019t de ierde tsjuster is<br>en deagewoane bern fermoarde<br>wurde, mar sjed\u00ear wat kin:<br>it daget foar it sieren.<br><br>Mem mei \u2019t bern sil fierder rinne<br>oant sy komme by de bank<br>dy\u2019t \u00fatsjoch biedt op rjocht nei skuld,<br>dan sil de top de kop ferlieze,<br>geast en lichem wurde lyk<br>foar\u2019t rizen fan de sinne.\u00a0<\/p>\n","protected":false},"excerpt":{"rendered":"<p>Kin de himel fjoer ferdragedat troch bom nei bom \u00fbntstieten l\u00f4get yn it tsjuster opom te ferbr\u00e2nen wat noch libbet,lea nei geast of tagelyk&#8230;wurdt ea de top fuortfage? Toppunt is as lieders roppedat it om de frede gietfoar eigen steat dy\u2019t lang ferkeartal yn in steat fan driigjend \u00fbnheil,dat de bom wol keare kin&#8230;kin mem [&hellip;]<\/p>\n","protected":false},"author":1,"featured_media":0,"comment_status":"closed","ping_status":"closed","sticky":false,"template":"","format":"standard","meta":{"footnotes":""},"categories":[7],"tags":[],"class_list":["post-21942","post","type-post","status-publish","format-standard","hentry","category-polityk"],"_links":{"self":[{"href":"https:\/\/tjerkstra.com\/wordpress\/wp-json\/wp\/v2\/posts\/21942","targetHints":{"allow":["GET"]}}],"collection":[{"href":"https:\/\/tjerkstra.com\/wordpress\/wp-json\/wp\/v2\/posts"}],"about":[{"href":"https:\/\/tjerkstra.com\/wordpress\/wp-json\/wp\/v2\/types\/post"}],"author":[{"embeddable":true,"href":"https:\/\/tjerkstra.com\/wordpress\/wp-json\/wp\/v2\/users\/1"}],"replies":[{"embeddable":true,"href":"https:\/\/tjerkstra.com\/wordpress\/wp-json\/wp\/v2\/comments?post=21942"}],"version-history":[{"count":2,"href":"https:\/\/tjerkstra.com\/wordpress\/wp-json\/wp\/v2\/posts\/21942\/revisions"}],"predecessor-version":[{"id":21945,"href":"https:\/\/tjerkstra.com\/wordpress\/wp-json\/wp\/v2\/posts\/21942\/revisions\/21945"}],"wp:attachment":[{"href":"https:\/\/tjerkstra.com\/wordpress\/wp-json\/wp\/v2\/media?parent=21942"}],"wp:term":[{"taxonomy":"category","embeddable":true,"href":"https:\/\/tjerkstra.com\/wordpress\/wp-json\/wp\/v2\/categories?post=21942"},{"taxonomy":"post_tag","embeddable":true,"href":"https:\/\/tjerkstra.com\/wordpress\/wp-json\/wp\/v2\/tags?post=21942"}],"curies":[{"name":"wp","href":"https:\/\/api.w.org\/{rel}","templated":true}]}}