{"id":21909,"date":"2023-12-04T16:28:02","date_gmt":"2023-12-04T16:28:02","guid":{"rendered":"https:\/\/tjerkstra.com\/wordpress\/?p=21909"},"modified":"2023-12-04T16:28:02","modified_gmt":"2023-12-04T16:28:02","slug":"stjerrende-bjirk","status":"publish","type":"post","link":"https:\/\/tjerkstra.com\/wordpress\/lyrysk-deiboek\/stjerrende-bjirk\/","title":{"rendered":"Stjerrende bjirk"},"content":{"rendered":"\n<figure class=\"wp-block-image size-large is-style-default\"><img loading=\"lazy\" decoding=\"async\" width=\"600\" height=\"598\" src=\"https:\/\/tjerkstra.com\/wordpress\/wp-content\/uploads\/2023\/12\/P1100424-1-600x598.jpg\" alt=\"\" class=\"wp-image-21912\" srcset=\"https:\/\/tjerkstra.com\/wordpress\/wp-content\/uploads\/2023\/12\/P1100424-1-600x598.jpg 600w, https:\/\/tjerkstra.com\/wordpress\/wp-content\/uploads\/2023\/12\/P1100424-1-300x300.jpg 300w, https:\/\/tjerkstra.com\/wordpress\/wp-content\/uploads\/2023\/12\/P1100424-1-150x150.jpg 150w, https:\/\/tjerkstra.com\/wordpress\/wp-content\/uploads\/2023\/12\/P1100424-1-768x765.jpg 768w, https:\/\/tjerkstra.com\/wordpress\/wp-content\/uploads\/2023\/12\/P1100424-1-1536x1530.jpg 1536w, https:\/\/tjerkstra.com\/wordpress\/wp-content\/uploads\/2023\/12\/P1100424-1-2048x2040.jpg 2048w, https:\/\/tjerkstra.com\/wordpress\/wp-content\/uploads\/2023\/12\/P1100424-1-351x350.jpg 351w, https:\/\/tjerkstra.com\/wordpress\/wp-content\/uploads\/2023\/12\/P1100424-1-71x71.jpg 71w\" sizes=\"auto, (max-width: 600px) 100vw, 600px\" \/><\/figure>\n\n\n\n<p><br>De winter struide mei wat snie,<br>te min om op te ljochtsjen gr\u00fbn<br>en beam, de bjirk die wol syn b\u00east<br>as hege kears, mar s\u00fbnder flam,<br>hy naam syn winterr\u00east.<br><br>Oranje joech hjoed noch wat kleur<br>oan \u2019t l\u00e2nskip, oars as goudsjeblom,<br>de bjirk seach \u2019t oan, hie gjin ferwar,<br>de seage roetste troch de stam,<br>gjin beam hie dan noch kar.<br><br>Hy siigde stadich nei de gr\u00fbn,<br>de t\u00fbken g\u00fblden \u2019t kreakjend \u00fat,<br>it snijflak blette tusken giel<br>en wyt, de bjirk lei gau al lam,<br>ferlear d\u00earnei syn siel.<br><\/p>\n\n\n\n<figure class=\"wp-block-image size-large is-style-default\"><img loading=\"lazy\" decoding=\"async\" width=\"544\" height=\"600\" src=\"https:\/\/tjerkstra.com\/wordpress\/wp-content\/uploads\/2023\/12\/P1100425-1-544x600.jpg\" alt=\"\" class=\"wp-image-21914\" srcset=\"https:\/\/tjerkstra.com\/wordpress\/wp-content\/uploads\/2023\/12\/P1100425-1-544x600.jpg 544w, https:\/\/tjerkstra.com\/wordpress\/wp-content\/uploads\/2023\/12\/P1100425-1-272x300.jpg 272w, https:\/\/tjerkstra.com\/wordpress\/wp-content\/uploads\/2023\/12\/P1100425-1-768x847.jpg 768w, https:\/\/tjerkstra.com\/wordpress\/wp-content\/uploads\/2023\/12\/P1100425-1-1392x1536.jpg 1392w, https:\/\/tjerkstra.com\/wordpress\/wp-content\/uploads\/2023\/12\/P1100425-1-1856x2048.jpg 1856w, https:\/\/tjerkstra.com\/wordpress\/wp-content\/uploads\/2023\/12\/P1100425-1-317x350.jpg 317w, https:\/\/tjerkstra.com\/wordpress\/wp-content\/uploads\/2023\/12\/P1100425-1-64x71.jpg 64w\" sizes=\"auto, (max-width: 544px) 100vw, 544px\" \/><\/figure>\n","protected":false},"excerpt":{"rendered":"<p>De winter struide mei wat snie,te min om op te ljochtsjen gr\u00fbnen beam, de bjirk die wol syn b\u00eastas hege kears, mar s\u00fbnder flam,hy naam syn winterr\u00east. Oranje joech hjoed noch wat kleuroan \u2019t l\u00e2nskip, oars as goudsjeblom,de bjirk seach \u2019t oan, hie gjin ferwar,de seage roetste troch de stam,gjin beam hie dan noch kar. [&hellip;]<\/p>\n","protected":false},"author":1,"featured_media":0,"comment_status":"closed","ping_status":"closed","sticky":false,"template":"","format":"standard","meta":{"footnotes":""},"categories":[3],"tags":[],"class_list":["post-21909","post","type-post","status-publish","format-standard","hentry","category-lyrysk-deiboek"],"_links":{"self":[{"href":"https:\/\/tjerkstra.com\/wordpress\/wp-json\/wp\/v2\/posts\/21909","targetHints":{"allow":["GET"]}}],"collection":[{"href":"https:\/\/tjerkstra.com\/wordpress\/wp-json\/wp\/v2\/posts"}],"about":[{"href":"https:\/\/tjerkstra.com\/wordpress\/wp-json\/wp\/v2\/types\/post"}],"author":[{"embeddable":true,"href":"https:\/\/tjerkstra.com\/wordpress\/wp-json\/wp\/v2\/users\/1"}],"replies":[{"embeddable":true,"href":"https:\/\/tjerkstra.com\/wordpress\/wp-json\/wp\/v2\/comments?post=21909"}],"version-history":[{"count":2,"href":"https:\/\/tjerkstra.com\/wordpress\/wp-json\/wp\/v2\/posts\/21909\/revisions"}],"predecessor-version":[{"id":21915,"href":"https:\/\/tjerkstra.com\/wordpress\/wp-json\/wp\/v2\/posts\/21909\/revisions\/21915"}],"wp:attachment":[{"href":"https:\/\/tjerkstra.com\/wordpress\/wp-json\/wp\/v2\/media?parent=21909"}],"wp:term":[{"taxonomy":"category","embeddable":true,"href":"https:\/\/tjerkstra.com\/wordpress\/wp-json\/wp\/v2\/categories?post=21909"},{"taxonomy":"post_tag","embeddable":true,"href":"https:\/\/tjerkstra.com\/wordpress\/wp-json\/wp\/v2\/tags?post=21909"}],"curies":[{"name":"wp","href":"https:\/\/api.w.org\/{rel}","templated":true}]}}