{"id":21827,"date":"2023-11-16T16:44:09","date_gmt":"2023-11-16T16:44:09","guid":{"rendered":"https:\/\/tjerkstra.com\/wordpress\/?p=21827"},"modified":"2023-11-16T16:44:09","modified_gmt":"2023-11-16T16:44:09","slug":"wolnee-it-is-net-oars","status":"publish","type":"post","link":"https:\/\/tjerkstra.com\/wordpress\/keunst\/wolnee-it-is-net-oars\/","title":{"rendered":"Wolnee, it is net oars"},"content":{"rendered":"\n<figure class=\"wp-block-image size-full is-style-default\"><img loading=\"lazy\" decoding=\"async\" width=\"500\" height=\"500\" src=\"https:\/\/tjerkstra.com\/wordpress\/wp-content\/uploads\/2023\/11\/Netscher-1.jpg\" alt=\"\" class=\"wp-image-21829\" srcset=\"https:\/\/tjerkstra.com\/wordpress\/wp-content\/uploads\/2023\/11\/Netscher-1.jpg 500w, https:\/\/tjerkstra.com\/wordpress\/wp-content\/uploads\/2023\/11\/Netscher-1-300x300.jpg 300w, https:\/\/tjerkstra.com\/wordpress\/wp-content\/uploads\/2023\/11\/Netscher-1-150x150.jpg 150w, https:\/\/tjerkstra.com\/wordpress\/wp-content\/uploads\/2023\/11\/Netscher-1-350x350.jpg 350w, https:\/\/tjerkstra.com\/wordpress\/wp-content\/uploads\/2023\/11\/Netscher-1-71x71.jpg 71w\" sizes=\"auto, (max-width: 500px) 100vw, 500px\" \/><\/figure>\n\n\n\n<p><em>fan Caspar Netscher*<br><\/em><br>Jawis, hoe soe it oars,<br>de kaam moat troch de krollen,<br>lit it boartersguod mar lizze,<br>de kat r\u00eadt him d\u00earmei&#8230;<br>it bern jout wol om sizzen.<br><br>Wolnee, sy tinkt net oars<br>as om har eigen berntsjes,<br>beide mei de langste krollen,<br>sy r\u00eadt har d\u00ear wol mei&#8230;<br>w\u00earom soe sy oars wolle?<br><br>Jawis, sy hat oars wol<br>heard fan de bern op strjitte,<br>fierderop ferw\u00fbne lizze<br>of slim gen\u00f4ch foar dea&#8230;<br>wat moat sy d\u00earfan sizze?<br><br>Wolnee, it is net oars,<br>men kin net alles witte,<br>soe it leafst foar bern oars wolle,<br>want deadzje wol men net&#8230;<br>wa krijt soks yn de holle?<br><br><em>* Caspar Netscher (1639-1684)<br>Skilderij \u2018Memmesoarch\u2019<br><br><\/em><\/p>\n","protected":false},"excerpt":{"rendered":"<p>fan Caspar Netscher*Jawis, hoe soe it oars,de kaam moat troch de krollen,lit it boartersguod mar lizze,de kat r\u00eadt him d\u00earmei&#8230;it bern jout wol om sizzen. Wolnee, sy tinkt net oarsas om har eigen berntsjes,beide mei de langste krollen,sy r\u00eadt har d\u00ear wol mei&#8230;w\u00earom soe sy oars wolle? Jawis, sy hat oars wolheard fan de bern [&hellip;]<\/p>\n","protected":false},"author":1,"featured_media":0,"comment_status":"closed","ping_status":"closed","sticky":false,"template":"","format":"standard","meta":{"footnotes":""},"categories":[6],"tags":[],"class_list":["post-21827","post","type-post","status-publish","format-standard","hentry","category-keunst"],"_links":{"self":[{"href":"https:\/\/tjerkstra.com\/wordpress\/wp-json\/wp\/v2\/posts\/21827","targetHints":{"allow":["GET"]}}],"collection":[{"href":"https:\/\/tjerkstra.com\/wordpress\/wp-json\/wp\/v2\/posts"}],"about":[{"href":"https:\/\/tjerkstra.com\/wordpress\/wp-json\/wp\/v2\/types\/post"}],"author":[{"embeddable":true,"href":"https:\/\/tjerkstra.com\/wordpress\/wp-json\/wp\/v2\/users\/1"}],"replies":[{"embeddable":true,"href":"https:\/\/tjerkstra.com\/wordpress\/wp-json\/wp\/v2\/comments?post=21827"}],"version-history":[{"count":2,"href":"https:\/\/tjerkstra.com\/wordpress\/wp-json\/wp\/v2\/posts\/21827\/revisions"}],"predecessor-version":[{"id":21830,"href":"https:\/\/tjerkstra.com\/wordpress\/wp-json\/wp\/v2\/posts\/21827\/revisions\/21830"}],"wp:attachment":[{"href":"https:\/\/tjerkstra.com\/wordpress\/wp-json\/wp\/v2\/media?parent=21827"}],"wp:term":[{"taxonomy":"category","embeddable":true,"href":"https:\/\/tjerkstra.com\/wordpress\/wp-json\/wp\/v2\/categories?post=21827"},{"taxonomy":"post_tag","embeddable":true,"href":"https:\/\/tjerkstra.com\/wordpress\/wp-json\/wp\/v2\/tags?post=21827"}],"curies":[{"name":"wp","href":"https:\/\/api.w.org\/{rel}","templated":true}]}}