{"id":21822,"date":"2023-11-15T16:42:25","date_gmt":"2023-11-15T16:42:25","guid":{"rendered":"https:\/\/tjerkstra.com\/wordpress\/?p=21822"},"modified":"2023-11-15T16:43:14","modified_gmt":"2023-11-15T16:43:14","slug":"dubele-godsspraak","status":"publish","type":"post","link":"https:\/\/tjerkstra.com\/wordpress\/bibelbylden\/dubele-godsspraak\/","title":{"rendered":"D\u00fbbele godsspraak"},"content":{"rendered":"\n<figure class=\"wp-block-image size-full is-style-default\"><img loading=\"lazy\" decoding=\"async\" width=\"538\" height=\"380\" src=\"https:\/\/tjerkstra.com\/wordpress\/wp-content\/uploads\/2023\/11\/Hoeders.jpg\" alt=\"\" class=\"wp-image-21824\" srcset=\"https:\/\/tjerkstra.com\/wordpress\/wp-content\/uploads\/2023\/11\/Hoeders.jpg 538w, https:\/\/tjerkstra.com\/wordpress\/wp-content\/uploads\/2023\/11\/Hoeders-300x212.jpg 300w, https:\/\/tjerkstra.com\/wordpress\/wp-content\/uploads\/2023\/11\/Hoeders-496x350.jpg 496w, https:\/\/tjerkstra.com\/wordpress\/wp-content\/uploads\/2023\/11\/Hoeders-102x71.jpg 102w\" sizes=\"auto, (max-width: 538px) 100vw, 538px\" \/><\/figure>\n\n\n\n<p><em>fan \u00fbnbekend*<\/em><br>Ezechi\u00ebl<br><br>De godsspraak fan de Hear wie d\u00fbbel:<br>syn grime kaam op \u2019t earste plak,<br>doe liet de geunst him hearre<br>mei de komst nei Israel,<br>Gods folk wie wer yn tel.<br><br>De Hear wie earst de strange hoeder<br>mei yn de h\u00e2n de hoedersst\u00eaf<br>d\u00ear\u2019t hy de skiep mei telde;<br>minne skiep liet hy net ta,<br>de goede woe er ha.<br><br>D\u00earnei waard God de goede hoeder<br>dy\u2019t wiisde nei de hege berch<br>fan Israel om d\u00ear te<br>bringen offers fan de dei,<br>dat wie de goede wei.<br><br><em>* Yllustraasje \u2018Hoeder mei st\u00eaf\u2019<br><\/em><br><br><br><\/p>\n","protected":false},"excerpt":{"rendered":"<p>fan \u00fbnbekend*Ezechi\u00ebl De godsspraak fan de Hear wie d\u00fbbel:syn grime kaam op \u2019t earste plak,doe liet de geunst him hearremei de komst nei Israel,Gods folk wie wer yn tel. De Hear wie earst de strange hoedermei yn de h\u00e2n de hoedersst\u00eafd\u00ear\u2019t hy de skiep mei telde;minne skiep liet hy net ta,de goede woe er ha. [&hellip;]<\/p>\n","protected":false},"author":1,"featured_media":0,"comment_status":"closed","ping_status":"closed","sticky":false,"template":"","format":"standard","meta":{"footnotes":""},"categories":[4],"tags":[],"class_list":["post-21822","post","type-post","status-publish","format-standard","hentry","category-bibelbylden"],"_links":{"self":[{"href":"https:\/\/tjerkstra.com\/wordpress\/wp-json\/wp\/v2\/posts\/21822","targetHints":{"allow":["GET"]}}],"collection":[{"href":"https:\/\/tjerkstra.com\/wordpress\/wp-json\/wp\/v2\/posts"}],"about":[{"href":"https:\/\/tjerkstra.com\/wordpress\/wp-json\/wp\/v2\/types\/post"}],"author":[{"embeddable":true,"href":"https:\/\/tjerkstra.com\/wordpress\/wp-json\/wp\/v2\/users\/1"}],"replies":[{"embeddable":true,"href":"https:\/\/tjerkstra.com\/wordpress\/wp-json\/wp\/v2\/comments?post=21822"}],"version-history":[{"count":3,"href":"https:\/\/tjerkstra.com\/wordpress\/wp-json\/wp\/v2\/posts\/21822\/revisions"}],"predecessor-version":[{"id":21826,"href":"https:\/\/tjerkstra.com\/wordpress\/wp-json\/wp\/v2\/posts\/21822\/revisions\/21826"}],"wp:attachment":[{"href":"https:\/\/tjerkstra.com\/wordpress\/wp-json\/wp\/v2\/media?parent=21822"}],"wp:term":[{"taxonomy":"category","embeddable":true,"href":"https:\/\/tjerkstra.com\/wordpress\/wp-json\/wp\/v2\/categories?post=21822"},{"taxonomy":"post_tag","embeddable":true,"href":"https:\/\/tjerkstra.com\/wordpress\/wp-json\/wp\/v2\/tags?post=21822"}],"curies":[{"name":"wp","href":"https:\/\/api.w.org\/{rel}","templated":true}]}}