{"id":21782,"date":"2023-11-06T16:37:00","date_gmt":"2023-11-06T16:37:00","guid":{"rendered":"https:\/\/tjerkstra.com\/wordpress\/?p=21782"},"modified":"2023-11-06T16:37:00","modified_gmt":"2023-11-06T16:37:00","slug":"gefoelens-peile","status":"publish","type":"post","link":"https:\/\/tjerkstra.com\/wordpress\/lyrysk-deiboek\/gefoelens-peile\/","title":{"rendered":"Gefoelens peile"},"content":{"rendered":"\n<figure class=\"wp-block-image size-large is-style-default\"><img loading=\"lazy\" decoding=\"async\" width=\"600\" height=\"450\" src=\"https:\/\/tjerkstra.com\/wordpress\/wp-content\/uploads\/2023\/11\/P1100385-600x450.jpg\" alt=\"\" class=\"wp-image-21784\" srcset=\"https:\/\/tjerkstra.com\/wordpress\/wp-content\/uploads\/2023\/11\/P1100385-600x450.jpg 600w, https:\/\/tjerkstra.com\/wordpress\/wp-content\/uploads\/2023\/11\/P1100385-300x225.jpg 300w, https:\/\/tjerkstra.com\/wordpress\/wp-content\/uploads\/2023\/11\/P1100385-768x576.jpg 768w, https:\/\/tjerkstra.com\/wordpress\/wp-content\/uploads\/2023\/11\/P1100385-1536x1152.jpg 1536w, https:\/\/tjerkstra.com\/wordpress\/wp-content\/uploads\/2023\/11\/P1100385-2048x1536.jpg 2048w, https:\/\/tjerkstra.com\/wordpress\/wp-content\/uploads\/2023\/11\/P1100385-467x350.jpg 467w, https:\/\/tjerkstra.com\/wordpress\/wp-content\/uploads\/2023\/11\/P1100385-95x71.jpg 95w\" sizes=\"auto, (max-width: 600px) 100vw, 600px\" \/><\/figure>\n\n\n\n<p><br>Wa kin gefoelens peile<br>as de sinne skroeit de boaiem dr\u00fbch,<br>de tonge kleeft oan it ferwulft,<br>de mage rekket mar healfol,<br>dan klinkt in flok net r\u00fbch.<br><br>Wa kin it wetter keare<br>dat mei bakken \u00fat \u2019e wolken falt,<br>it peil ferheget oant de top<br>berikt is, strjitten streame fol&#8230;<br>in flok dy\u2019t jierren balt.<br><br>Kin men de hoop ferlieze<br>as it grien hat by it wetter baat,<br>dat spegelet de ljochte loft?<br>In goed gefoel h\u00e2ldt it lang fol,<br>ek yn in oar klimaat.\u00a0<\/p>\n","protected":false},"excerpt":{"rendered":"<p>Wa kin gefoelens peileas de sinne skroeit de boaiem dr\u00fbch,de tonge kleeft oan it ferwulft,de mage rekket mar healfol,dan klinkt in flok net r\u00fbch. Wa kin it wetter kearedat mei bakken \u00fat \u2019e wolken falt,it peil ferheget oant de topberikt is, strjitten streame fol&#8230;in flok dy\u2019t jierren balt. Kin men de hoop ferliezeas it grien [&hellip;]<\/p>\n","protected":false},"author":1,"featured_media":0,"comment_status":"closed","ping_status":"closed","sticky":false,"template":"","format":"standard","meta":{"footnotes":""},"categories":[3],"tags":[],"class_list":["post-21782","post","type-post","status-publish","format-standard","hentry","category-lyrysk-deiboek"],"_links":{"self":[{"href":"https:\/\/tjerkstra.com\/wordpress\/wp-json\/wp\/v2\/posts\/21782","targetHints":{"allow":["GET"]}}],"collection":[{"href":"https:\/\/tjerkstra.com\/wordpress\/wp-json\/wp\/v2\/posts"}],"about":[{"href":"https:\/\/tjerkstra.com\/wordpress\/wp-json\/wp\/v2\/types\/post"}],"author":[{"embeddable":true,"href":"https:\/\/tjerkstra.com\/wordpress\/wp-json\/wp\/v2\/users\/1"}],"replies":[{"embeddable":true,"href":"https:\/\/tjerkstra.com\/wordpress\/wp-json\/wp\/v2\/comments?post=21782"}],"version-history":[{"count":2,"href":"https:\/\/tjerkstra.com\/wordpress\/wp-json\/wp\/v2\/posts\/21782\/revisions"}],"predecessor-version":[{"id":21785,"href":"https:\/\/tjerkstra.com\/wordpress\/wp-json\/wp\/v2\/posts\/21782\/revisions\/21785"}],"wp:attachment":[{"href":"https:\/\/tjerkstra.com\/wordpress\/wp-json\/wp\/v2\/media?parent=21782"}],"wp:term":[{"taxonomy":"category","embeddable":true,"href":"https:\/\/tjerkstra.com\/wordpress\/wp-json\/wp\/v2\/categories?post=21782"},{"taxonomy":"post_tag","embeddable":true,"href":"https:\/\/tjerkstra.com\/wordpress\/wp-json\/wp\/v2\/tags?post=21782"}],"curies":[{"name":"wp","href":"https:\/\/api.w.org\/{rel}","templated":true}]}}