{"id":21778,"date":"2023-11-05T16:40:11","date_gmt":"2023-11-05T16:40:11","guid":{"rendered":"https:\/\/tjerkstra.com\/wordpress\/?p=21778"},"modified":"2023-11-05T16:40:11","modified_gmt":"2023-11-05T16:40:11","slug":"korea-liedt-nei-israel","status":"publish","type":"post","link":"https:\/\/tjerkstra.com\/wordpress\/polityk\/korea-liedt-nei-israel\/","title":{"rendered":"Kor\u00e9a liedt nei Israel"},"content":{"rendered":"\n<figure class=\"wp-block-image size-large is-style-default\"><img loading=\"lazy\" decoding=\"async\" width=\"600\" height=\"171\" src=\"https:\/\/tjerkstra.com\/wordpress\/wp-content\/uploads\/2023\/11\/Korea-001-600x171.jpg\" alt=\"\" class=\"wp-image-21780\" srcset=\"https:\/\/tjerkstra.com\/wordpress\/wp-content\/uploads\/2023\/11\/Korea-001-600x171.jpg 600w, https:\/\/tjerkstra.com\/wordpress\/wp-content\/uploads\/2023\/11\/Korea-001-300x85.jpg 300w, https:\/\/tjerkstra.com\/wordpress\/wp-content\/uploads\/2023\/11\/Korea-001-768x219.jpg 768w, https:\/\/tjerkstra.com\/wordpress\/wp-content\/uploads\/2023\/11\/Korea-001-1536x437.jpg 1536w, https:\/\/tjerkstra.com\/wordpress\/wp-content\/uploads\/2023\/11\/Korea-001-2048x583.jpg 2048w, https:\/\/tjerkstra.com\/wordpress\/wp-content\/uploads\/2023\/11\/Korea-001-590x168.jpg 590w, https:\/\/tjerkstra.com\/wordpress\/wp-content\/uploads\/2023\/11\/Korea-001-102x29.jpg 102w\" sizes=\"auto, (max-width: 600px) 100vw, 600px\" \/><\/figure>\n\n\n\n<p><em>fan \u00fbnbekend*<br><\/em><br>It spoarde yn Kor\u00e9a net,<br>in situaasje b\u00fbten rails<br>fanwege f\u00fble strideraasje<br>tusken noard en s\u00fad&#8230;<br>wat wie de goede naasje?<br><br>De boargers waarden b\u00fbten set<br>en flechten treurjend tusken rails<br>dy\u2019t streekrjocht nei it suden laten,<br>tusken eangst en hoop&#8230;<br>gjin sin om noch te praten.<br><br>Kor\u00e9a liedt nei Israel,<br>twa spoaren fan ekstreem geweld<br>fanwege lange strideraasje<br>oer besit fan l\u00e2n&#8230;<br>wat is de goede naasje?<br><br>De boargers binne net yn tel<br>en wurde nei it suden dreaun,<br>as slachtfee deade troch de bommen<br>fan de naasje mei<br>\u2019t gefoel: oan \u2019t lot \u00fbntkommen.<br><br>Dy naasje deadet bern nei bern,<br>de takomst fan in folk yn need,<br>\u00fbntnommen l\u00e2n yn it ferline,<br>lykas Israel,<br>de macht dy \u2019t slacht mei pine.<br><br><em>* Foto \u2018Flechtlingen\u2019<\/em><\/p>\n","protected":false},"excerpt":{"rendered":"<p>fan \u00fbnbekend*It spoarde yn Kor\u00e9a net,in situaasje b\u00fbten railsfanwege f\u00fble strideraasjetusken noard en s\u00fad&#8230;wat wie de goede naasje? De boargers waarden b\u00fbten seten flechten treurjend tusken railsdy\u2019t streekrjocht nei it suden laten,tusken eangst en hoop&#8230;gjin sin om noch te praten. Kor\u00e9a liedt nei Israel,twa spoaren fan ekstreem geweldfanwege lange strideraasjeoer besit fan l\u00e2n&#8230;wat is de [&hellip;]<\/p>\n","protected":false},"author":1,"featured_media":0,"comment_status":"closed","ping_status":"closed","sticky":false,"template":"","format":"standard","meta":{"footnotes":""},"categories":[7],"tags":[],"class_list":["post-21778","post","type-post","status-publish","format-standard","hentry","category-polityk"],"_links":{"self":[{"href":"https:\/\/tjerkstra.com\/wordpress\/wp-json\/wp\/v2\/posts\/21778","targetHints":{"allow":["GET"]}}],"collection":[{"href":"https:\/\/tjerkstra.com\/wordpress\/wp-json\/wp\/v2\/posts"}],"about":[{"href":"https:\/\/tjerkstra.com\/wordpress\/wp-json\/wp\/v2\/types\/post"}],"author":[{"embeddable":true,"href":"https:\/\/tjerkstra.com\/wordpress\/wp-json\/wp\/v2\/users\/1"}],"replies":[{"embeddable":true,"href":"https:\/\/tjerkstra.com\/wordpress\/wp-json\/wp\/v2\/comments?post=21778"}],"version-history":[{"count":2,"href":"https:\/\/tjerkstra.com\/wordpress\/wp-json\/wp\/v2\/posts\/21778\/revisions"}],"predecessor-version":[{"id":21781,"href":"https:\/\/tjerkstra.com\/wordpress\/wp-json\/wp\/v2\/posts\/21778\/revisions\/21781"}],"wp:attachment":[{"href":"https:\/\/tjerkstra.com\/wordpress\/wp-json\/wp\/v2\/media?parent=21778"}],"wp:term":[{"taxonomy":"category","embeddable":true,"href":"https:\/\/tjerkstra.com\/wordpress\/wp-json\/wp\/v2\/categories?post=21778"},{"taxonomy":"post_tag","embeddable":true,"href":"https:\/\/tjerkstra.com\/wordpress\/wp-json\/wp\/v2\/tags?post=21778"}],"curies":[{"name":"wp","href":"https:\/\/api.w.org\/{rel}","templated":true}]}}