{"id":21755,"date":"2023-10-30T16:43:05","date_gmt":"2023-10-30T16:43:05","guid":{"rendered":"https:\/\/tjerkstra.com\/wordpress\/?p=21755"},"modified":"2023-10-30T16:43:05","modified_gmt":"2023-10-30T16:43:05","slug":"wintertiid","status":"publish","type":"post","link":"https:\/\/tjerkstra.com\/wordpress\/lyrysk-deiboek\/wintertiid\/","title":{"rendered":"Wintertiid"},"content":{"rendered":"\n<figure class=\"wp-block-image size-large is-style-default\"><img loading=\"lazy\" decoding=\"async\" width=\"600\" height=\"400\" src=\"https:\/\/tjerkstra.com\/wordpress\/wp-content\/uploads\/2023\/10\/P1100350-600x400.jpg\" alt=\"\" class=\"wp-image-21757\" srcset=\"https:\/\/tjerkstra.com\/wordpress\/wp-content\/uploads\/2023\/10\/P1100350-600x400.jpg 600w, https:\/\/tjerkstra.com\/wordpress\/wp-content\/uploads\/2023\/10\/P1100350-300x200.jpg 300w, https:\/\/tjerkstra.com\/wordpress\/wp-content\/uploads\/2023\/10\/P1100350-768x512.jpg 768w, https:\/\/tjerkstra.com\/wordpress\/wp-content\/uploads\/2023\/10\/P1100350-1536x1024.jpg 1536w, https:\/\/tjerkstra.com\/wordpress\/wp-content\/uploads\/2023\/10\/P1100350-2048x1365.jpg 2048w, https:\/\/tjerkstra.com\/wordpress\/wp-content\/uploads\/2023\/10\/P1100350-525x350.jpg 525w, https:\/\/tjerkstra.com\/wordpress\/wp-content\/uploads\/2023\/10\/P1100350-102x68.jpg 102w\" sizes=\"auto, (max-width: 600px) 100vw, 600px\" \/><\/figure>\n\n\n\n<p><br>De l\u00easte tiid, noch simmertiid,<br>r\u00fbn ik faak op deselde tiid<br>it tsjuster yn de mjitte,<br>wylst de sinne muoite die<br>om boppe \u2019t wetter \u00fat te kommen,<br>hoewol\u2019t de tiid noch simmersk wie.<br><br>It swurk waard troch de sinne read<br>kleurd, want it wie sawat syn tiid<br>om strieljend op te kommen,<br>read as fjoer hie \u2019t lang net west,<br>ik r\u00fbn it ljocht wol yn de mjitte,<br>mar wist as \u2019t j\u00fbn reint, is it hjerst.<br><br>Ik r\u00fbn snein ek, mar doe by ljocht,<br>it wie wer op deselde tiid,<br>mar diskear tusken beammen,<br>d\u00ear\u2019t de sinne folop liet<br>syn strielen troch de bl\u00eaden komme,<br>doe wie \u2019t acht oeren wintertiid.\u00a0<br><br><\/p>\n\n\n\n<figure class=\"wp-block-image size-large is-style-default\"><img loading=\"lazy\" decoding=\"async\" width=\"600\" height=\"400\" src=\"https:\/\/tjerkstra.com\/wordpress\/wp-content\/uploads\/2023\/10\/P1100373-600x400.jpg\" alt=\"\" class=\"wp-image-21758\" srcset=\"https:\/\/tjerkstra.com\/wordpress\/wp-content\/uploads\/2023\/10\/P1100373-600x400.jpg 600w, https:\/\/tjerkstra.com\/wordpress\/wp-content\/uploads\/2023\/10\/P1100373-300x200.jpg 300w, https:\/\/tjerkstra.com\/wordpress\/wp-content\/uploads\/2023\/10\/P1100373-768x512.jpg 768w, https:\/\/tjerkstra.com\/wordpress\/wp-content\/uploads\/2023\/10\/P1100373-1536x1024.jpg 1536w, https:\/\/tjerkstra.com\/wordpress\/wp-content\/uploads\/2023\/10\/P1100373-2048x1365.jpg 2048w, https:\/\/tjerkstra.com\/wordpress\/wp-content\/uploads\/2023\/10\/P1100373-525x350.jpg 525w, https:\/\/tjerkstra.com\/wordpress\/wp-content\/uploads\/2023\/10\/P1100373-102x68.jpg 102w\" sizes=\"auto, (max-width: 600px) 100vw, 600px\" \/><\/figure>\n","protected":false},"excerpt":{"rendered":"<p>De l\u00easte tiid, noch simmertiid,r\u00fbn ik faak op deselde tiidit tsjuster yn de mjitte,wylst de sinne muoite dieom boppe \u2019t wetter \u00fat te kommen,hoewol\u2019t de tiid noch simmersk wie. It swurk waard troch de sinne readkleurd, want it wie sawat syn tiidom strieljend op te kommen,read as fjoer hie \u2019t lang net west,ik r\u00fbn it [&hellip;]<\/p>\n","protected":false},"author":1,"featured_media":0,"comment_status":"closed","ping_status":"closed","sticky":false,"template":"","format":"standard","meta":{"footnotes":""},"categories":[3],"tags":[],"class_list":["post-21755","post","type-post","status-publish","format-standard","hentry","category-lyrysk-deiboek"],"_links":{"self":[{"href":"https:\/\/tjerkstra.com\/wordpress\/wp-json\/wp\/v2\/posts\/21755","targetHints":{"allow":["GET"]}}],"collection":[{"href":"https:\/\/tjerkstra.com\/wordpress\/wp-json\/wp\/v2\/posts"}],"about":[{"href":"https:\/\/tjerkstra.com\/wordpress\/wp-json\/wp\/v2\/types\/post"}],"author":[{"embeddable":true,"href":"https:\/\/tjerkstra.com\/wordpress\/wp-json\/wp\/v2\/users\/1"}],"replies":[{"embeddable":true,"href":"https:\/\/tjerkstra.com\/wordpress\/wp-json\/wp\/v2\/comments?post=21755"}],"version-history":[{"count":2,"href":"https:\/\/tjerkstra.com\/wordpress\/wp-json\/wp\/v2\/posts\/21755\/revisions"}],"predecessor-version":[{"id":21759,"href":"https:\/\/tjerkstra.com\/wordpress\/wp-json\/wp\/v2\/posts\/21755\/revisions\/21759"}],"wp:attachment":[{"href":"https:\/\/tjerkstra.com\/wordpress\/wp-json\/wp\/v2\/media?parent=21755"}],"wp:term":[{"taxonomy":"category","embeddable":true,"href":"https:\/\/tjerkstra.com\/wordpress\/wp-json\/wp\/v2\/categories?post=21755"},{"taxonomy":"post_tag","embeddable":true,"href":"https:\/\/tjerkstra.com\/wordpress\/wp-json\/wp\/v2\/tags?post=21755"}],"curies":[{"name":"wp","href":"https:\/\/api.w.org\/{rel}","templated":true}]}}