{"id":21751,"date":"2023-10-29T17:55:59","date_gmt":"2023-10-29T17:55:59","guid":{"rendered":"https:\/\/tjerkstra.com\/wordpress\/?p=21751"},"modified":"2023-10-29T17:55:59","modified_gmt":"2023-10-29T17:55:59","slug":"sprekkende-wierheid","status":"publish","type":"post","link":"https:\/\/tjerkstra.com\/wordpress\/skiednisbylden\/sprekkende-wierheid\/","title":{"rendered":"Sprekkende wierheid"},"content":{"rendered":"\n<figure class=\"wp-block-image size-large is-style-default\"><img loading=\"lazy\" decoding=\"async\" width=\"600\" height=\"255\" src=\"https:\/\/tjerkstra.com\/wordpress\/wp-content\/uploads\/2023\/10\/Korea-001-600x255.jpg\" alt=\"\" class=\"wp-image-21753\" srcset=\"https:\/\/tjerkstra.com\/wordpress\/wp-content\/uploads\/2023\/10\/Korea-001-600x255.jpg 600w, https:\/\/tjerkstra.com\/wordpress\/wp-content\/uploads\/2023\/10\/Korea-001-300x128.jpg 300w, https:\/\/tjerkstra.com\/wordpress\/wp-content\/uploads\/2023\/10\/Korea-001-768x327.jpg 768w, https:\/\/tjerkstra.com\/wordpress\/wp-content\/uploads\/2023\/10\/Korea-001-1536x653.jpg 1536w, https:\/\/tjerkstra.com\/wordpress\/wp-content\/uploads\/2023\/10\/Korea-001-2048x871.jpg 2048w, https:\/\/tjerkstra.com\/wordpress\/wp-content\/uploads\/2023\/10\/Korea-001-590x251.jpg 590w, https:\/\/tjerkstra.com\/wordpress\/wp-content\/uploads\/2023\/10\/Korea-001-102x43.jpg 102w\" sizes=\"auto, (max-width: 600px) 100vw, 600px\" \/><\/figure>\n\n\n\n<p><em>fan \u00fbnbekend*<br><\/em><br>De loop is rjochte op \u2019e fij\u00e2n<br>s\u00fbnder dat er him sjen lit<br>mei syn gesicht nei it geweld:<br>gefoelens telle net yn fjoer<br>en reek&#8230; wa\u2019t wint, giet troch foar held.<br><br>Troch giet it fan de iene nei de<br>oare, fan Kor\u00e9a \u00fat<br>nei Gaza, oeral op \u2019e wr\u00e2ld<br>br\u00e2nt hillich of \u00fbnhillich fjoer,<br>in bernelyk lit lieders k\u00e2ld.<br><br>K\u00e2ld lykwols bliuwe net soldaten<br>dy\u2019t ferlieze maat nei maat,<br>fan wa\u2019t de nammen op papier<br>skreaun wurde, sels \u00fbnhillich fjoer<br>ferskroeit net ien, sy stean foar wier.<br><br>Wa\u2019t net mear stean kin, sprekt de wierheid<br>swijend \u00fat, de oare sit<br>mei hannen om him hinne slein,<br>dy\u2019t treastend sprekke nei it fjoer,<br>foar mannich maat wie dat de ein.<br><br><em>* Foto\u2019s \u00fat \u2019e oarloch yn Kor\u00e9a&nbsp;<\/em><br><br><br><br><br><\/p>\n","protected":false},"excerpt":{"rendered":"<p>fan \u00fbnbekend*De loop is rjochte op \u2019e fij\u00e2ns\u00fbnder dat er him sjen litmei syn gesicht nei it geweld:gefoelens telle net yn fjoeren reek&#8230; wa\u2019t wint, giet troch foar held. Troch giet it fan de iene nei deoare, fan Kor\u00e9a \u00fatnei Gaza, oeral op \u2019e wr\u00e2ldbr\u00e2nt hillich of \u00fbnhillich fjoer,in bernelyk lit lieders k\u00e2ld. K\u00e2ld lykwols [&hellip;]<\/p>\n","protected":false},"author":1,"featured_media":0,"comment_status":"closed","ping_status":"closed","sticky":false,"template":"","format":"standard","meta":{"footnotes":""},"categories":[9],"tags":[],"class_list":["post-21751","post","type-post","status-publish","format-standard","hentry","category-skiednisbylden"],"_links":{"self":[{"href":"https:\/\/tjerkstra.com\/wordpress\/wp-json\/wp\/v2\/posts\/21751","targetHints":{"allow":["GET"]}}],"collection":[{"href":"https:\/\/tjerkstra.com\/wordpress\/wp-json\/wp\/v2\/posts"}],"about":[{"href":"https:\/\/tjerkstra.com\/wordpress\/wp-json\/wp\/v2\/types\/post"}],"author":[{"embeddable":true,"href":"https:\/\/tjerkstra.com\/wordpress\/wp-json\/wp\/v2\/users\/1"}],"replies":[{"embeddable":true,"href":"https:\/\/tjerkstra.com\/wordpress\/wp-json\/wp\/v2\/comments?post=21751"}],"version-history":[{"count":2,"href":"https:\/\/tjerkstra.com\/wordpress\/wp-json\/wp\/v2\/posts\/21751\/revisions"}],"predecessor-version":[{"id":21754,"href":"https:\/\/tjerkstra.com\/wordpress\/wp-json\/wp\/v2\/posts\/21751\/revisions\/21754"}],"wp:attachment":[{"href":"https:\/\/tjerkstra.com\/wordpress\/wp-json\/wp\/v2\/media?parent=21751"}],"wp:term":[{"taxonomy":"category","embeddable":true,"href":"https:\/\/tjerkstra.com\/wordpress\/wp-json\/wp\/v2\/categories?post=21751"},{"taxonomy":"post_tag","embeddable":true,"href":"https:\/\/tjerkstra.com\/wordpress\/wp-json\/wp\/v2\/tags?post=21751"}],"curies":[{"name":"wp","href":"https:\/\/api.w.org\/{rel}","templated":true}]}}