{"id":21736,"date":"2023-10-26T18:54:55","date_gmt":"2023-10-26T18:54:55","guid":{"rendered":"https:\/\/tjerkstra.com\/wordpress\/?p=21736"},"modified":"2023-10-26T18:55:28","modified_gmt":"2023-10-26T18:55:28","slug":"utlis-fan-it-riedsel","status":"publish","type":"post","link":"https:\/\/tjerkstra.com\/wordpress\/bibelbylden\/utlis-fan-it-riedsel\/","title":{"rendered":"Utlis fan it riedsel"},"content":{"rendered":"\n<figure class=\"wp-block-image size-large is-style-default\"><img loading=\"lazy\" decoding=\"async\" width=\"600\" height=\"398\" src=\"https:\/\/tjerkstra.com\/wordpress\/wp-content\/uploads\/2023\/10\/Seder-600x398.jpg\" alt=\"\" class=\"wp-image-21738\" srcset=\"https:\/\/tjerkstra.com\/wordpress\/wp-content\/uploads\/2023\/10\/Seder-600x398.jpg 600w, https:\/\/tjerkstra.com\/wordpress\/wp-content\/uploads\/2023\/10\/Seder-300x199.jpg 300w, https:\/\/tjerkstra.com\/wordpress\/wp-content\/uploads\/2023\/10\/Seder-768x509.jpg 768w, https:\/\/tjerkstra.com\/wordpress\/wp-content\/uploads\/2023\/10\/Seder-528x350.jpg 528w, https:\/\/tjerkstra.com\/wordpress\/wp-content\/uploads\/2023\/10\/Seder-102x68.jpg 102w, https:\/\/tjerkstra.com\/wordpress\/wp-content\/uploads\/2023\/10\/Seder.jpg 800w\" sizes=\"auto, (max-width: 600px) 100vw, 600px\" \/><\/figure>\n\n\n\n<p><em>fan \u00fbnbekend*<\/em><br>Ezechi\u00ebl<em><br><\/em><br>It riedsel, troch de Hear ferklearre,<br>oer twa f\u00fbgels as in earn sa grut,<br>ferhelle fan \u2019t massale stjerren.<br><br>De foarst fan Babel wie de earste earn,<br>hy hat de kening fan Jeruzalem<br>en al syn hege hearen meifierd<br>nei syn eigen l\u00e2n, dat ta in wyngerd<br>waard: it folk is romte bean.<br><br>De foarst fan Babel sette op \u2019e troan<br>in \u00fbnderkening yn Jeruzalem<br>om sa mei him oerien te kommen<br>dat ek Sion ta in rynske wyngerd<br>waard, mar falsk klonk d\u00ear de toan.<br><br>Egyptes farao, de twadde earn,<br>d\u00ear woe de \u00fbnderkening wol op ta<br>om Babels kening te \u00fbntrinnen,<br>mar gjin wyngerd kaam ta bloei yn Sion,<br>oantaast waard syn wif bestean.<br><br>In twiich wurdt plante troch de Heare<br>op \u2019e heechste berch yn Israel,<br>dy seder sil it needlot keare.<br><br><em>* Foto \u2018Seder\u2019<br><\/em><br><br><br><br><\/p>\n","protected":false},"excerpt":{"rendered":"<p>fan \u00fbnbekend*Ezechi\u00eblIt riedsel, troch de Hear ferklearre,oer twa f\u00fbgels as in earn sa grut,ferhelle fan \u2019t massale stjerren. De foarst fan Babel wie de earste earn,hy hat de kening fan Jeruzalemen al syn hege hearen meifierdnei syn eigen l\u00e2n, dat ta in wyngerdwaard: it folk is romte bean. De foarst fan Babel sette op \u2019e [&hellip;]<\/p>\n","protected":false},"author":1,"featured_media":0,"comment_status":"closed","ping_status":"closed","sticky":false,"template":"","format":"standard","meta":{"footnotes":""},"categories":[4],"tags":[],"class_list":["post-21736","post","type-post","status-publish","format-standard","hentry","category-bibelbylden"],"_links":{"self":[{"href":"https:\/\/tjerkstra.com\/wordpress\/wp-json\/wp\/v2\/posts\/21736","targetHints":{"allow":["GET"]}}],"collection":[{"href":"https:\/\/tjerkstra.com\/wordpress\/wp-json\/wp\/v2\/posts"}],"about":[{"href":"https:\/\/tjerkstra.com\/wordpress\/wp-json\/wp\/v2\/types\/post"}],"author":[{"embeddable":true,"href":"https:\/\/tjerkstra.com\/wordpress\/wp-json\/wp\/v2\/users\/1"}],"replies":[{"embeddable":true,"href":"https:\/\/tjerkstra.com\/wordpress\/wp-json\/wp\/v2\/comments?post=21736"}],"version-history":[{"count":3,"href":"https:\/\/tjerkstra.com\/wordpress\/wp-json\/wp\/v2\/posts\/21736\/revisions"}],"predecessor-version":[{"id":21740,"href":"https:\/\/tjerkstra.com\/wordpress\/wp-json\/wp\/v2\/posts\/21736\/revisions\/21740"}],"wp:attachment":[{"href":"https:\/\/tjerkstra.com\/wordpress\/wp-json\/wp\/v2\/media?parent=21736"}],"wp:term":[{"taxonomy":"category","embeddable":true,"href":"https:\/\/tjerkstra.com\/wordpress\/wp-json\/wp\/v2\/categories?post=21736"},{"taxonomy":"post_tag","embeddable":true,"href":"https:\/\/tjerkstra.com\/wordpress\/wp-json\/wp\/v2\/tags?post=21736"}],"curies":[{"name":"wp","href":"https:\/\/api.w.org\/{rel}","templated":true}]}}