{"id":2171,"date":"2016-10-08T19:41:58","date_gmt":"2016-10-08T19:41:58","guid":{"rendered":"http:\/\/www.tjerkstra.com\/wordpress\/?p=2171"},"modified":"2016-10-08T19:41:58","modified_gmt":"2016-10-08T19:41:58","slug":"omslach-nei-sanherib","status":"publish","type":"post","link":"https:\/\/tjerkstra.com\/wordpress\/bibelbylden\/omslach-nei-sanherib\/","title":{"rendered":"Omslach nei Sanherib"},"content":{"rendered":"<table class=\"contentpaneopen\">\n<tbody>\n<tr>\n<td class=\"contentheading\" width=\"100%\"><\/td>\n<td class=\"buttonheading\" align=\"right\" width=\"100%\"><a title=\"PDF\"> <img decoding=\"async\" src=\"http:\/\/www.tjerkstra.com\/images\/M_images\/pdf_button.png\" alt=\"PDF\" name=\"image\" align=\"middle\" border=\"0\" \/> <\/a><\/td>\n<td class=\"buttonheading\" align=\"right\" width=\"100%\"><a title=\"Print\"> <img decoding=\"async\" src=\"http:\/\/www.tjerkstra.com\/images\/M_images\/printButton.png\" alt=\"Print\" name=\"image\" align=\"middle\" border=\"0\" \/> <\/a><\/td>\n<td class=\"buttonheading\" align=\"right\" width=\"100%\"><a title=\"E-mail\"> <img decoding=\"async\" src=\"http:\/\/www.tjerkstra.com\/images\/M_images\/emailButton.png\" alt=\"E-mail\" name=\"image\" align=\"middle\" border=\"0\" \/> <\/a><\/td>\n<\/tr>\n<\/tbody>\n<\/table>\n<table class=\"contentpaneopen\">\n<tbody>\n<tr>\n<td colspan=\"2\" valign=\"top\"><em>fan \u00fbnbekend*<\/em><br \/>\n<img loading=\"lazy\" decoding=\"async\" title=\"Image\" src=\"http:\/\/www.tjerkstra.com\/images\/stories\/deiboek6\/tn_sanherib%201.jpg\" alt=\"Image\" width=\"225\" height=\"300\" border=\"0\" hspace=\"6\" \/><\/p>\n<p>Sjoch him d\u00ear stean, foarst Sanherib,<br \/>\nstriidfeardich op &#8216;e oarlochswein,<br \/>\nsyn machtsdrift ken gjin ein,<br \/>\ndat wr\u00e2ldwiid wurdt syn keningskip.<\/p>\n<p>Hy rydt nei Juda, want syn macht<br \/>\nwaard troch Hizkia net erkend,<br \/>\ngjin omslach is him frjemd,<br \/>\nhy nimt him as fazal yn acht:<\/p>\n<p>Foarst Sanherib, ik wie goed mis,<br \/>\nw\u00eas jo sa goed, gean by my wei<br \/>\nen nim de skatten mei<br \/>\ndy&#8217;t oplein wurde, want sa is &#8217;t.<\/p>\n<p>De skatting liigde der net om:<br \/>\nde timpel joech syn sulver mei<br \/>\nen ek it goud gie nei<br \/>\nde wide wr\u00e2ld fan &#8217;t heidendom.<\/p>\n<p><em>* Reli\u00ebf \u00fat Ninev\u00e9<\/em><\/td>\n<\/tr>\n<\/tbody>\n<\/table>\n","protected":false},"excerpt":{"rendered":"<p>fan \u00fbnbekend* Sjoch him d\u00ear stean, foarst Sanherib, striidfeardich op &#8216;e oarlochswein, syn machtsdrift ken gjin ein, dat wr\u00e2ldwiid wurdt syn keningskip. Hy rydt nei Juda, want syn macht waard troch Hizkia net erkend, gjin omslach is him frjemd, hy nimt him as fazal yn acht: Foarst Sanherib, ik wie goed mis, w\u00eas jo sa [&hellip;]<\/p>\n","protected":false},"author":1,"featured_media":0,"comment_status":"closed","ping_status":"closed","sticky":false,"template":"","format":"standard","meta":{"footnotes":""},"categories":[4],"tags":[],"class_list":["post-2171","post","type-post","status-publish","format-standard","hentry","category-bibelbylden"],"_links":{"self":[{"href":"https:\/\/tjerkstra.com\/wordpress\/wp-json\/wp\/v2\/posts\/2171","targetHints":{"allow":["GET"]}}],"collection":[{"href":"https:\/\/tjerkstra.com\/wordpress\/wp-json\/wp\/v2\/posts"}],"about":[{"href":"https:\/\/tjerkstra.com\/wordpress\/wp-json\/wp\/v2\/types\/post"}],"author":[{"embeddable":true,"href":"https:\/\/tjerkstra.com\/wordpress\/wp-json\/wp\/v2\/users\/1"}],"replies":[{"embeddable":true,"href":"https:\/\/tjerkstra.com\/wordpress\/wp-json\/wp\/v2\/comments?post=2171"}],"version-history":[{"count":1,"href":"https:\/\/tjerkstra.com\/wordpress\/wp-json\/wp\/v2\/posts\/2171\/revisions"}],"predecessor-version":[{"id":2172,"href":"https:\/\/tjerkstra.com\/wordpress\/wp-json\/wp\/v2\/posts\/2171\/revisions\/2172"}],"wp:attachment":[{"href":"https:\/\/tjerkstra.com\/wordpress\/wp-json\/wp\/v2\/media?parent=2171"}],"wp:term":[{"taxonomy":"category","embeddable":true,"href":"https:\/\/tjerkstra.com\/wordpress\/wp-json\/wp\/v2\/categories?post=2171"},{"taxonomy":"post_tag","embeddable":true,"href":"https:\/\/tjerkstra.com\/wordpress\/wp-json\/wp\/v2\/tags?post=2171"}],"curies":[{"name":"wp","href":"https:\/\/api.w.org\/{rel}","templated":true}]}}