{"id":217,"date":"2016-09-19T19:52:45","date_gmt":"2016-09-19T19:52:45","guid":{"rendered":"http:\/\/www.tjerkstra.com\/wordpress\/?p=217"},"modified":"2016-09-19T19:52:45","modified_gmt":"2016-09-19T19:52:45","slug":"froulike-wachters","status":"publish","type":"post","link":"https:\/\/tjerkstra.com\/wordpress\/skiednisbylden\/froulike-wachters\/","title":{"rendered":"Froulike wachters"},"content":{"rendered":"<table class=\"contentpaneopen\">\n<tbody>\n<tr>\n<td class=\"contentheading\" width=\"100%\"><\/td>\n<td class=\"buttonheading\" align=\"right\" width=\"100%\"><a title=\"PDF\"> <img decoding=\"async\" src=\"http:\/\/www.tjerkstra.com\/images\/M_images\/pdf_button.png\" alt=\"PDF\" name=\"image\" align=\"middle\" border=\"0\" \/> <\/a><\/td>\n<td class=\"buttonheading\" align=\"right\" width=\"100%\"><a title=\"Print\"> <img decoding=\"async\" src=\"http:\/\/www.tjerkstra.com\/images\/M_images\/printButton.png\" alt=\"Print\" name=\"image\" align=\"middle\" border=\"0\" \/> <\/a><\/td>\n<td class=\"buttonheading\" align=\"right\" width=\"100%\"><a title=\"E-mail\"> <img decoding=\"async\" src=\"http:\/\/www.tjerkstra.com\/images\/M_images\/emailButton.png\" alt=\"E-mail\" name=\"image\" align=\"middle\" border=\"0\" \/> <\/a><\/td>\n<\/tr>\n<\/tbody>\n<\/table>\n<table class=\"contentpaneopen\">\n<tbody>\n<tr>\n<td colspan=\"2\" valign=\"top\"><em>fan \u00fbnbekend*<br \/>\n<\/em><br \/>\nIt wie it folk fan r\u00fbge foarmen,<br \/>\ndat bekend stie as Hettyt,<br \/>\nit die op stien en striid g\u00e2ns flyt<br \/>\nen hat troch &#8217;t Midden-Easten stoarme.<\/p>\n<p>De striid r\u00fbn stadich nei de hichte<br \/>\noant it toppunt fan de macht,<br \/>\nnei elke dei kaam wer in nacht,<br \/>\nde muorretiid, mar wol in tichte.<\/p>\n<p>Wat is in muorre s\u00fbnder wachter?<br \/>\nFroulju yn in r\u00fbge foarm<br \/>\ndy sloegen yn de nacht alarm,<br \/>\nd\u00ear kamen freon en fij\u00e2n achter.<\/p>\n<p><img loading=\"lazy\" decoding=\"async\" title=\"Image\" src=\"http:\/\/www.tjerkstra.com\/images\/stories\/deiboek5\/tn_scan372.jpg\" alt=\"Image\" width=\"450\" height=\"265\" border=\"0\" hspace=\"6\" \/><\/p>\n<p><em>* Anatolyske sfinksen (1450-1200 foar Kristus),<br \/>\nin froulike ferzje yn it hjoeddeiske Turkije<\/em><\/td>\n<\/tr>\n<\/tbody>\n<\/table>\n","protected":false},"excerpt":{"rendered":"<p>fan \u00fbnbekend* It wie it folk fan r\u00fbge foarmen, dat bekend stie as Hettyt, it die op stien en striid g\u00e2ns flyt en hat troch &#8217;t Midden-Easten stoarme. De striid r\u00fbn stadich nei de hichte oant it toppunt fan de macht, nei elke dei kaam wer in nacht, de muorretiid, mar wol in tichte. Wat [&hellip;]<\/p>\n","protected":false},"author":1,"featured_media":0,"comment_status":"closed","ping_status":"closed","sticky":false,"template":"","format":"standard","meta":{"footnotes":""},"categories":[9],"tags":[],"class_list":["post-217","post","type-post","status-publish","format-standard","hentry","category-skiednisbylden"],"_links":{"self":[{"href":"https:\/\/tjerkstra.com\/wordpress\/wp-json\/wp\/v2\/posts\/217","targetHints":{"allow":["GET"]}}],"collection":[{"href":"https:\/\/tjerkstra.com\/wordpress\/wp-json\/wp\/v2\/posts"}],"about":[{"href":"https:\/\/tjerkstra.com\/wordpress\/wp-json\/wp\/v2\/types\/post"}],"author":[{"embeddable":true,"href":"https:\/\/tjerkstra.com\/wordpress\/wp-json\/wp\/v2\/users\/1"}],"replies":[{"embeddable":true,"href":"https:\/\/tjerkstra.com\/wordpress\/wp-json\/wp\/v2\/comments?post=217"}],"version-history":[{"count":1,"href":"https:\/\/tjerkstra.com\/wordpress\/wp-json\/wp\/v2\/posts\/217\/revisions"}],"predecessor-version":[{"id":218,"href":"https:\/\/tjerkstra.com\/wordpress\/wp-json\/wp\/v2\/posts\/217\/revisions\/218"}],"wp:attachment":[{"href":"https:\/\/tjerkstra.com\/wordpress\/wp-json\/wp\/v2\/media?parent=217"}],"wp:term":[{"taxonomy":"category","embeddable":true,"href":"https:\/\/tjerkstra.com\/wordpress\/wp-json\/wp\/v2\/categories?post=217"},{"taxonomy":"post_tag","embeddable":true,"href":"https:\/\/tjerkstra.com\/wordpress\/wp-json\/wp\/v2\/tags?post=217"}],"curies":[{"name":"wp","href":"https:\/\/api.w.org\/{rel}","templated":true}]}}