{"id":21665,"date":"2023-10-11T15:38:46","date_gmt":"2023-10-11T15:38:46","guid":{"rendered":"https:\/\/tjerkstra.com\/wordpress\/?p=21665"},"modified":"2023-10-11T15:39:04","modified_gmt":"2023-10-11T15:39:04","slug":"straf-foar-de-hoer","status":"publish","type":"post","link":"https:\/\/tjerkstra.com\/wordpress\/bibelbylden\/straf-foar-de-hoer\/","title":{"rendered":"Straf foar de hoer"},"content":{"rendered":"\n<figure class=\"wp-block-image size-large is-style-default\"><img loading=\"lazy\" decoding=\"async\" width=\"600\" height=\"300\" src=\"https:\/\/tjerkstra.com\/wordpress\/wp-content\/uploads\/2023\/10\/Ofgoaden-Jeruzalem-600x300.jpg\" alt=\"\" class=\"wp-image-21667\" srcset=\"https:\/\/tjerkstra.com\/wordpress\/wp-content\/uploads\/2023\/10\/Ofgoaden-Jeruzalem-600x300.jpg 600w, https:\/\/tjerkstra.com\/wordpress\/wp-content\/uploads\/2023\/10\/Ofgoaden-Jeruzalem-300x150.jpg 300w, https:\/\/tjerkstra.com\/wordpress\/wp-content\/uploads\/2023\/10\/Ofgoaden-Jeruzalem-768x384.jpg 768w, https:\/\/tjerkstra.com\/wordpress\/wp-content\/uploads\/2023\/10\/Ofgoaden-Jeruzalem-590x295.jpg 590w, https:\/\/tjerkstra.com\/wordpress\/wp-content\/uploads\/2023\/10\/Ofgoaden-Jeruzalem-102x51.jpg 102w, https:\/\/tjerkstra.com\/wordpress\/wp-content\/uploads\/2023\/10\/Ofgoaden-Jeruzalem.jpg 1200w\" sizes=\"auto, (max-width: 600px) 100vw, 600px\" \/><\/figure>\n\n\n\n<p><em>fan \u00fbnbekend*<\/em><br>Ezechi\u00ebl<em><br><\/em><br>Wolno, do hoer Jeruzalem,<br>omdatst it oanlein hast mei goaden,<br>d\u00earom helje Ik dyn frijers<br>byinoar, sy komme oeral wei,<br>sels \u00fat \u2019e fierste oarde.<br><br>Tink net, do hoer Jeruzalem,<br>sy binne my genedich wurden,<br>want myn soannen ha ik harren<br>j\u00fbn, dus kom ik der wol goed foarwei&#8230;<br>sy skerpje al de swurden.<br><br>Untnommen wurde dy de klean,<br>sy litte dy yn \u2019t neaken lizze,<br>houwe dy d\u00earnei yn stikken,<br>h\u00e2lde rjochtdei oer dyn kromme wei&#8230;<br>neat hast dan noch te sizzen.<br><br>Sa komt dyn huorkerij in ein<br>oan, lykas oan myn gleone grime,<br>dy\u2019t troch skerpe swurden kuolle<br>wurdt, dit is foar My de rjochte wei<br>dy\u2019t fiert nei kleare kimen.<br><br><em>Yllustraasje \u2018Ofgoaden\u2019\u00a0<br><\/em><br><br><\/p>\n","protected":false},"excerpt":{"rendered":"<p>fan \u00fbnbekend*Ezechi\u00eblWolno, do hoer Jeruzalem,omdatst it oanlein hast mei goaden,d\u00earom helje Ik dyn frijersbyinoar, sy komme oeral wei,sels \u00fat \u2019e fierste oarde. Tink net, do hoer Jeruzalem,sy binne my genedich wurden,want myn soannen ha ik harrenj\u00fbn, dus kom ik der wol goed foarwei&#8230;sy skerpje al de swurden. Untnommen wurde dy de klean,sy litte dy yn [&hellip;]<\/p>\n","protected":false},"author":1,"featured_media":0,"comment_status":"closed","ping_status":"closed","sticky":false,"template":"","format":"standard","meta":{"footnotes":""},"categories":[4],"tags":[],"class_list":["post-21665","post","type-post","status-publish","format-standard","hentry","category-bibelbylden"],"_links":{"self":[{"href":"https:\/\/tjerkstra.com\/wordpress\/wp-json\/wp\/v2\/posts\/21665","targetHints":{"allow":["GET"]}}],"collection":[{"href":"https:\/\/tjerkstra.com\/wordpress\/wp-json\/wp\/v2\/posts"}],"about":[{"href":"https:\/\/tjerkstra.com\/wordpress\/wp-json\/wp\/v2\/types\/post"}],"author":[{"embeddable":true,"href":"https:\/\/tjerkstra.com\/wordpress\/wp-json\/wp\/v2\/users\/1"}],"replies":[{"embeddable":true,"href":"https:\/\/tjerkstra.com\/wordpress\/wp-json\/wp\/v2\/comments?post=21665"}],"version-history":[{"count":3,"href":"https:\/\/tjerkstra.com\/wordpress\/wp-json\/wp\/v2\/posts\/21665\/revisions"}],"predecessor-version":[{"id":21669,"href":"https:\/\/tjerkstra.com\/wordpress\/wp-json\/wp\/v2\/posts\/21665\/revisions\/21669"}],"wp:attachment":[{"href":"https:\/\/tjerkstra.com\/wordpress\/wp-json\/wp\/v2\/media?parent=21665"}],"wp:term":[{"taxonomy":"category","embeddable":true,"href":"https:\/\/tjerkstra.com\/wordpress\/wp-json\/wp\/v2\/categories?post=21665"},{"taxonomy":"post_tag","embeddable":true,"href":"https:\/\/tjerkstra.com\/wordpress\/wp-json\/wp\/v2\/tags?post=21665"}],"curies":[{"name":"wp","href":"https:\/\/api.w.org\/{rel}","templated":true}]}}