{"id":21657,"date":"2023-10-09T16:43:17","date_gmt":"2023-10-09T16:43:17","guid":{"rendered":"https:\/\/tjerkstra.com\/wordpress\/?p=21657"},"modified":"2023-10-09T16:43:17","modified_gmt":"2023-10-09T16:43:17","slug":"blautong","status":"publish","type":"post","link":"https:\/\/tjerkstra.com\/wordpress\/lyrysk-deiboek\/blautong\/","title":{"rendered":"Blautong"},"content":{"rendered":"\n<figure class=\"wp-block-image size-large is-style-default\"><img loading=\"lazy\" decoding=\"async\" width=\"600\" height=\"450\" src=\"https:\/\/tjerkstra.com\/wordpress\/wp-content\/uploads\/2023\/10\/P1100319-600x450.jpg\" alt=\"\" class=\"wp-image-21659\" srcset=\"https:\/\/tjerkstra.com\/wordpress\/wp-content\/uploads\/2023\/10\/P1100319-600x450.jpg 600w, https:\/\/tjerkstra.com\/wordpress\/wp-content\/uploads\/2023\/10\/P1100319-300x225.jpg 300w, https:\/\/tjerkstra.com\/wordpress\/wp-content\/uploads\/2023\/10\/P1100319-768x576.jpg 768w, https:\/\/tjerkstra.com\/wordpress\/wp-content\/uploads\/2023\/10\/P1100319-1536x1152.jpg 1536w, https:\/\/tjerkstra.com\/wordpress\/wp-content\/uploads\/2023\/10\/P1100319-467x350.jpg 467w, https:\/\/tjerkstra.com\/wordpress\/wp-content\/uploads\/2023\/10\/P1100319-95x71.jpg 95w, https:\/\/tjerkstra.com\/wordpress\/wp-content\/uploads\/2023\/10\/P1100319.jpg 2048w\" sizes=\"auto, (max-width: 600px) 100vw, 600px\" \/><\/figure>\n\n\n\n<p><br>Op harren kaam de kym griis oer,<br>it lot trof elk, stok\u00e2ld of jong,<br>twa stiene noch op poaten,<br>ien hie de ein al yn de bek&#8230;<br>blautong.<br><br>De wittenskip kaam sniewyt oer:<br>de wite reagers yn totaal<br>sa\u2019n fyftich, heech op poaten,<br>foar oerlis oer \u2019t faksin, mar dat<br>ferhaal&#8230;<br><br>&#8230; kaam net sa maklik oan de ein<br>mei hjir in kikkert, d\u00ear in m\u00fbs,<br>twa fan wol h\u00fbndert soarten,<br>\u2019t bleau net by trije&#8230; deaden by<br>de r\u00fbs.<br><br><br><\/p>\n","protected":false},"excerpt":{"rendered":"<p>Op harren kaam de kym griis oer,it lot trof elk, stok\u00e2ld of jong,twa stiene noch op poaten,ien hie de ein al yn de bek&#8230;blautong. De wittenskip kaam sniewyt oer:de wite reagers yn totaalsa\u2019n fyftich, heech op poaten,foar oerlis oer \u2019t faksin, mar datferhaal&#8230; &#8230; kaam net sa maklik oan de einmei hjir in kikkert, d\u00ear [&hellip;]<\/p>\n","protected":false},"author":1,"featured_media":0,"comment_status":"closed","ping_status":"closed","sticky":false,"template":"","format":"standard","meta":{"footnotes":""},"categories":[3],"tags":[],"class_list":["post-21657","post","type-post","status-publish","format-standard","hentry","category-lyrysk-deiboek"],"_links":{"self":[{"href":"https:\/\/tjerkstra.com\/wordpress\/wp-json\/wp\/v2\/posts\/21657","targetHints":{"allow":["GET"]}}],"collection":[{"href":"https:\/\/tjerkstra.com\/wordpress\/wp-json\/wp\/v2\/posts"}],"about":[{"href":"https:\/\/tjerkstra.com\/wordpress\/wp-json\/wp\/v2\/types\/post"}],"author":[{"embeddable":true,"href":"https:\/\/tjerkstra.com\/wordpress\/wp-json\/wp\/v2\/users\/1"}],"replies":[{"embeddable":true,"href":"https:\/\/tjerkstra.com\/wordpress\/wp-json\/wp\/v2\/comments?post=21657"}],"version-history":[{"count":2,"href":"https:\/\/tjerkstra.com\/wordpress\/wp-json\/wp\/v2\/posts\/21657\/revisions"}],"predecessor-version":[{"id":21660,"href":"https:\/\/tjerkstra.com\/wordpress\/wp-json\/wp\/v2\/posts\/21657\/revisions\/21660"}],"wp:attachment":[{"href":"https:\/\/tjerkstra.com\/wordpress\/wp-json\/wp\/v2\/media?parent=21657"}],"wp:term":[{"taxonomy":"category","embeddable":true,"href":"https:\/\/tjerkstra.com\/wordpress\/wp-json\/wp\/v2\/categories?post=21657"},{"taxonomy":"post_tag","embeddable":true,"href":"https:\/\/tjerkstra.com\/wordpress\/wp-json\/wp\/v2\/tags?post=21657"}],"curies":[{"name":"wp","href":"https:\/\/api.w.org\/{rel}","templated":true}]}}