{"id":2162,"date":"2016-10-08T19:35:40","date_gmt":"2016-10-08T19:35:40","guid":{"rendered":"http:\/\/www.tjerkstra.com\/wordpress\/?p=2162"},"modified":"2016-10-08T19:35:40","modified_gmt":"2016-10-08T19:35:40","slug":"gjin-einstriid","status":"publish","type":"post","link":"https:\/\/tjerkstra.com\/wordpress\/bibelbylden\/gjin-einstriid\/","title":{"rendered":"Gjin einstriid"},"content":{"rendered":"<table class=\"contentpaneopen\">\n<tbody>\n<tr>\n<td class=\"contentheading\" width=\"100%\"><\/td>\n<td class=\"buttonheading\" align=\"right\" width=\"100%\"><a title=\"PDF\"> <img decoding=\"async\" src=\"http:\/\/www.tjerkstra.com\/images\/M_images\/pdf_button.png\" alt=\"PDF\" name=\"image\" align=\"middle\" border=\"0\" \/> <\/a><\/td>\n<td class=\"buttonheading\" align=\"right\" width=\"100%\"><a title=\"Print\"> <img decoding=\"async\" src=\"http:\/\/www.tjerkstra.com\/images\/M_images\/printButton.png\" alt=\"Print\" name=\"image\" align=\"middle\" border=\"0\" \/> <\/a><\/td>\n<td class=\"buttonheading\" align=\"right\" width=\"100%\"><a title=\"E-mail\"> <img decoding=\"async\" src=\"http:\/\/www.tjerkstra.com\/images\/M_images\/emailButton.png\" alt=\"E-mail\" name=\"image\" align=\"middle\" border=\"0\" \/> <\/a><\/td>\n<\/tr>\n<\/tbody>\n<\/table>\n<table class=\"contentpaneopen\">\n<tbody>\n<tr>\n<td colspan=\"2\" valign=\"top\"><em>fan Sassetta*<\/p>\n<p><img loading=\"lazy\" decoding=\"async\" title=\"Image\" src=\"http:\/\/www.tjerkstra.com\/images\/stories\/deiboek6\/tn_scan629.jpg\" alt=\"Image\" width=\"201\" height=\"450\" border=\"0\" hspace=\"6\" \/><br \/>\n<\/em><br \/>\nEliza lei op b\u00ead, syn striid wie dien,<br \/>\nit wachtsjen wie noch op &#8216;e dea,<br \/>\nmar hied er Jo\u00e4sj net ferwachte,<br \/>\nfoarst fan Israel?<br \/>\nDy skriemde omdat hy de godsman achte.<\/p>\n<p>De striid fan Jo\u00e4sj wie noch lang net dien,<br \/>\nEliza seach dat mei it each<br \/>\nfan de profeet en joech fertrouwen<br \/>\noan hiel Israel:<br \/>\nmei striid soe Jo\u00e4sj oan de takomst bouwe.<\/p>\n<p>Mei pylk-en-b\u00f4ge stie er foar it r\u00fat<br \/>\nen skeat as teken fan de striid<br \/>\ntsjin Aram om d\u00earfan te winnen,<br \/>\nmar hy wie net fel<br \/>\ngen\u00f4ch yn &#8217;t slaan en liet de einslach rinne.<\/p>\n<p>Eliza blies de l\u00easte siken \u00fat,<br \/>\nde ein fan folop libbenstiid<br \/>\nas godsman, troch de Iene achte.<\/p>\n<p><em>* Sassetta (sirka 1400-1450)<br \/>\nSkilderij &#8216;De profeet Eliza&#8217;\u00a0 <\/em><\/td>\n<\/tr>\n<\/tbody>\n<\/table>\n","protected":false},"excerpt":{"rendered":"<p>fan Sassetta* Eliza lei op b\u00ead, syn striid wie dien, it wachtsjen wie noch op &#8216;e dea, mar hied er Jo\u00e4sj net ferwachte, foarst fan Israel? Dy skriemde omdat hy de godsman achte. De striid fan Jo\u00e4sj wie noch lang net dien, Eliza seach dat mei it each fan de profeet en joech fertrouwen oan [&hellip;]<\/p>\n","protected":false},"author":1,"featured_media":0,"comment_status":"closed","ping_status":"closed","sticky":false,"template":"","format":"standard","meta":{"footnotes":""},"categories":[4],"tags":[],"class_list":["post-2162","post","type-post","status-publish","format-standard","hentry","category-bibelbylden"],"_links":{"self":[{"href":"https:\/\/tjerkstra.com\/wordpress\/wp-json\/wp\/v2\/posts\/2162","targetHints":{"allow":["GET"]}}],"collection":[{"href":"https:\/\/tjerkstra.com\/wordpress\/wp-json\/wp\/v2\/posts"}],"about":[{"href":"https:\/\/tjerkstra.com\/wordpress\/wp-json\/wp\/v2\/types\/post"}],"author":[{"embeddable":true,"href":"https:\/\/tjerkstra.com\/wordpress\/wp-json\/wp\/v2\/users\/1"}],"replies":[{"embeddable":true,"href":"https:\/\/tjerkstra.com\/wordpress\/wp-json\/wp\/v2\/comments?post=2162"}],"version-history":[{"count":1,"href":"https:\/\/tjerkstra.com\/wordpress\/wp-json\/wp\/v2\/posts\/2162\/revisions"}],"predecessor-version":[{"id":2163,"href":"https:\/\/tjerkstra.com\/wordpress\/wp-json\/wp\/v2\/posts\/2162\/revisions\/2163"}],"wp:attachment":[{"href":"https:\/\/tjerkstra.com\/wordpress\/wp-json\/wp\/v2\/media?parent=2162"}],"wp:term":[{"taxonomy":"category","embeddable":true,"href":"https:\/\/tjerkstra.com\/wordpress\/wp-json\/wp\/v2\/categories?post=2162"},{"taxonomy":"post_tag","embeddable":true,"href":"https:\/\/tjerkstra.com\/wordpress\/wp-json\/wp\/v2\/tags?post=2162"}],"curies":[{"name":"wp","href":"https:\/\/api.w.org\/{rel}","templated":true}]}}