{"id":21603,"date":"2023-09-28T15:45:54","date_gmt":"2023-09-28T15:45:54","guid":{"rendered":"https:\/\/tjerkstra.com\/wordpress\/?p=21603"},"modified":"2023-09-28T15:45:54","modified_gmt":"2023-09-28T15:45:54","slug":"gemysk-goud","status":"publish","type":"post","link":"https:\/\/tjerkstra.com\/wordpress\/ferhalebondels\/gemysk-goud\/","title":{"rendered":"Gemysk goud"},"content":{"rendered":"\n<figure class=\"wp-block-image size-full is-style-default\"><img loading=\"lazy\" decoding=\"async\" width=\"255\" height=\"375\" src=\"https:\/\/tjerkstra.com\/wordpress\/wp-content\/uploads\/2023\/09\/Rubens-16.jpg\" alt=\"\" class=\"wp-image-21605\" srcset=\"https:\/\/tjerkstra.com\/wordpress\/wp-content\/uploads\/2023\/09\/Rubens-16.jpg 255w, https:\/\/tjerkstra.com\/wordpress\/wp-content\/uploads\/2023\/09\/Rubens-16-204x300.jpg 204w, https:\/\/tjerkstra.com\/wordpress\/wp-content\/uploads\/2023\/09\/Rubens-16-238x350.jpg 238w, https:\/\/tjerkstra.com\/wordpress\/wp-content\/uploads\/2023\/09\/Rubens-16-48x71.jpg 48w\" sizes=\"auto, (max-width: 255px) 100vw, 255px\" \/><\/figure>\n\n\n\n<p><em>fan Peter Paul Rubens*<br><\/em><br>It koe net better, hy wie s\u00fbn,<br>it striele fan syn antlit \u00f4f:<br>de eagen wach, de bolle wangen<br>read, de hals joech dat ek oan,<br>foar him hie \u2019t libben wearde:<br>dokter, algemist, gelearde.<br><br>Hy fielde him mei \u2019t gea ferb\u00fbn,<br>tocht djipgeand nei oer de natuer,<br>dy\u2019t achter him blau-grien opljochte;<br>st\u00fadzje makke hy fan grut<br>oant lyts, foar him fan wearde,<br>d\u00earfoar wie er ek gelearde.<br><br>As algemist f\u00fbn hy it s\u00fbn<br>om mei gemy foar fol te gean:<br>gen\u00eaze mei de krekte middels,<br>foar pasjinten gemysk goud;<br>wat Paracelsus learde,<br>hie yn letter tiid gjin wearde.<br><br><em>* Peter Paul Rubens (1571-1640)<br>Skilderij \u2018Portret fan Paracelsus\u2019<br><br><\/em><\/p>\n","protected":false},"excerpt":{"rendered":"<p>fan Peter Paul Rubens*It koe net better, hy wie s\u00fbn,it striele fan syn antlit \u00f4f:de eagen wach, de bolle wangenread, de hals joech dat ek oan,foar him hie \u2019t libben wearde:dokter, algemist, gelearde. Hy fielde him mei \u2019t gea ferb\u00fbn,tocht djipgeand nei oer de natuer,dy\u2019t achter him blau-grien opljochte;st\u00fadzje makke hy fan grutoant lyts, foar [&hellip;]<\/p>\n","protected":false},"author":1,"featured_media":0,"comment_status":"closed","ping_status":"closed","sticky":false,"template":"","format":"standard","meta":{"footnotes":""},"categories":[14],"tags":[],"class_list":["post-21603","post","type-post","status-publish","format-standard","hentry","category-ferhalebondels"],"_links":{"self":[{"href":"https:\/\/tjerkstra.com\/wordpress\/wp-json\/wp\/v2\/posts\/21603","targetHints":{"allow":["GET"]}}],"collection":[{"href":"https:\/\/tjerkstra.com\/wordpress\/wp-json\/wp\/v2\/posts"}],"about":[{"href":"https:\/\/tjerkstra.com\/wordpress\/wp-json\/wp\/v2\/types\/post"}],"author":[{"embeddable":true,"href":"https:\/\/tjerkstra.com\/wordpress\/wp-json\/wp\/v2\/users\/1"}],"replies":[{"embeddable":true,"href":"https:\/\/tjerkstra.com\/wordpress\/wp-json\/wp\/v2\/comments?post=21603"}],"version-history":[{"count":2,"href":"https:\/\/tjerkstra.com\/wordpress\/wp-json\/wp\/v2\/posts\/21603\/revisions"}],"predecessor-version":[{"id":21606,"href":"https:\/\/tjerkstra.com\/wordpress\/wp-json\/wp\/v2\/posts\/21603\/revisions\/21606"}],"wp:attachment":[{"href":"https:\/\/tjerkstra.com\/wordpress\/wp-json\/wp\/v2\/media?parent=21603"}],"wp:term":[{"taxonomy":"category","embeddable":true,"href":"https:\/\/tjerkstra.com\/wordpress\/wp-json\/wp\/v2\/categories?post=21603"},{"taxonomy":"post_tag","embeddable":true,"href":"https:\/\/tjerkstra.com\/wordpress\/wp-json\/wp\/v2\/tags?post=21603"}],"curies":[{"name":"wp","href":"https:\/\/api.w.org\/{rel}","templated":true}]}}