{"id":21599,"date":"2023-09-27T15:38:35","date_gmt":"2023-09-27T15:38:35","guid":{"rendered":"https:\/\/tjerkstra.com\/wordpress\/?p=21599"},"modified":"2023-09-27T15:38:35","modified_gmt":"2023-09-27T15:38:35","slug":"fjouwer-kear-in-oardiel","status":"publish","type":"post","link":"https:\/\/tjerkstra.com\/wordpress\/bibelbylden\/fjouwer-kear-in-oardiel\/","title":{"rendered":"Fjouwer kear in oardiel"},"content":{"rendered":"\n<figure class=\"wp-block-image size-large is-style-default\"><img loading=\"lazy\" decoding=\"async\" width=\"600\" height=\"444\" src=\"https:\/\/tjerkstra.com\/wordpress\/wp-content\/uploads\/2023\/09\/Noach-600x444.jpg\" alt=\"\" class=\"wp-image-21601\" srcset=\"https:\/\/tjerkstra.com\/wordpress\/wp-content\/uploads\/2023\/09\/Noach-600x444.jpg 600w, https:\/\/tjerkstra.com\/wordpress\/wp-content\/uploads\/2023\/09\/Noach-300x222.jpg 300w, https:\/\/tjerkstra.com\/wordpress\/wp-content\/uploads\/2023\/09\/Noach-768x569.jpg 768w, https:\/\/tjerkstra.com\/wordpress\/wp-content\/uploads\/2023\/09\/Noach-473x350.jpg 473w, https:\/\/tjerkstra.com\/wordpress\/wp-content\/uploads\/2023\/09\/Noach-96x71.jpg 96w, https:\/\/tjerkstra.com\/wordpress\/wp-content\/uploads\/2023\/09\/Noach.jpg 1458w\" sizes=\"auto, (max-width: 600px) 100vw, 600px\" \/><\/figure>\n\n\n\n<p><em>fan \u00fbnbekend*<\/em><br>Ezechi\u00ebl<br><br>As minskesoan kriich ik te hearren<br>trije nammen: No\u00e4ch, Job en Dani\u00ebl<br>dy\u2019t trou de Heare tsjinnen,<br>fjouwer kear klonk ek in oardiel<br>oer Jeruzalem, net mear yn tel.<br><br>It earste oardiel wie de honger,<br>\u2019t kaam der mei dy ramp op del<br>dat nimmen koe dit needlot keare,<br>sels net No\u00e4ch, Job of Dani\u00ebl.<br><br>De wylde bisten as it twadde<br>oardiel kaam der ek op del<br>dat nimmen koe dit needlot keare,<br>sels net No\u00e4ch, Job of Dani\u00ebl.<br><br>It skerpe swurd wie ek in oardiel,<br>\u2019t kaam der mei dy slach op del<br>dat nimmen koe dit needlot keare,<br>sels net No\u00e4ch, Job of Dani\u00ebl.<br><br>Pestsiik wie it l\u00easte oardiel,<br>\u2019t kaam der mei dy kwaal op del<br>dat nimmen koe dit needlot keare,<br>sels net No\u00e4ch, Job of Dani\u00ebl.<br><br>Dy trije manlju waarden r\u00eaden,<br>want sy wiene by de Heare God yn tel<br>fanwege \u2019t goede tsjinjen,<br>mar Jeruzalem lei \u00fbnder<br>\u2019t oardiel, k\u00e2ldwei kaam it d\u00ear op del.<br><br><em>* Yllustraasje \u2018No\u00e4ch warsk\u00f4get it folk\u2019<br><\/em><br><br><\/p>\n","protected":false},"excerpt":{"rendered":"<p>fan \u00fbnbekend*Ezechi\u00ebl As minskesoan kriich ik te hearrentrije nammen: No\u00e4ch, Job en Dani\u00ebldy\u2019t trou de Heare tsjinnen,fjouwer kear klonk ek in oardieloer Jeruzalem, net mear yn tel. It earste oardiel wie de honger,\u2019t kaam der mei dy ramp op deldat nimmen koe dit needlot keare,sels net No\u00e4ch, Job of Dani\u00ebl. De wylde bisten as it [&hellip;]<\/p>\n","protected":false},"author":1,"featured_media":0,"comment_status":"closed","ping_status":"closed","sticky":false,"template":"","format":"standard","meta":{"footnotes":""},"categories":[4],"tags":[],"class_list":["post-21599","post","type-post","status-publish","format-standard","hentry","category-bibelbylden"],"_links":{"self":[{"href":"https:\/\/tjerkstra.com\/wordpress\/wp-json\/wp\/v2\/posts\/21599","targetHints":{"allow":["GET"]}}],"collection":[{"href":"https:\/\/tjerkstra.com\/wordpress\/wp-json\/wp\/v2\/posts"}],"about":[{"href":"https:\/\/tjerkstra.com\/wordpress\/wp-json\/wp\/v2\/types\/post"}],"author":[{"embeddable":true,"href":"https:\/\/tjerkstra.com\/wordpress\/wp-json\/wp\/v2\/users\/1"}],"replies":[{"embeddable":true,"href":"https:\/\/tjerkstra.com\/wordpress\/wp-json\/wp\/v2\/comments?post=21599"}],"version-history":[{"count":2,"href":"https:\/\/tjerkstra.com\/wordpress\/wp-json\/wp\/v2\/posts\/21599\/revisions"}],"predecessor-version":[{"id":21602,"href":"https:\/\/tjerkstra.com\/wordpress\/wp-json\/wp\/v2\/posts\/21599\/revisions\/21602"}],"wp:attachment":[{"href":"https:\/\/tjerkstra.com\/wordpress\/wp-json\/wp\/v2\/media?parent=21599"}],"wp:term":[{"taxonomy":"category","embeddable":true,"href":"https:\/\/tjerkstra.com\/wordpress\/wp-json\/wp\/v2\/categories?post=21599"},{"taxonomy":"post_tag","embeddable":true,"href":"https:\/\/tjerkstra.com\/wordpress\/wp-json\/wp\/v2\/tags?post=21599"}],"curies":[{"name":"wp","href":"https:\/\/api.w.org\/{rel}","templated":true}]}}