{"id":21458,"date":"2023-08-28T17:53:41","date_gmt":"2023-08-28T17:53:41","guid":{"rendered":"https:\/\/tjerkstra.com\/wordpress\/?p=21458"},"modified":"2023-08-28T17:54:03","modified_gmt":"2023-08-28T17:54:03","slug":"toppunt-fan-leauwe","status":"publish","type":"post","link":"https:\/\/tjerkstra.com\/wordpress\/lyrysk-deiboek\/toppunt-fan-leauwe\/","title":{"rendered":"Toppunt fan leauwe"},"content":{"rendered":"\n<figure class=\"wp-block-image size-large is-style-default\"><img loading=\"lazy\" decoding=\"async\" width=\"600\" height=\"400\" src=\"https:\/\/tjerkstra.com\/wordpress\/wp-content\/uploads\/2023\/08\/P1100028-600x400.jpg\" alt=\"\" class=\"wp-image-21460\" srcset=\"https:\/\/tjerkstra.com\/wordpress\/wp-content\/uploads\/2023\/08\/P1100028-600x400.jpg 600w, https:\/\/tjerkstra.com\/wordpress\/wp-content\/uploads\/2023\/08\/P1100028-300x200.jpg 300w, https:\/\/tjerkstra.com\/wordpress\/wp-content\/uploads\/2023\/08\/P1100028-768x512.jpg 768w, https:\/\/tjerkstra.com\/wordpress\/wp-content\/uploads\/2023\/08\/P1100028-1536x1024.jpg 1536w, https:\/\/tjerkstra.com\/wordpress\/wp-content\/uploads\/2023\/08\/P1100028-2048x1365.jpg 2048w, https:\/\/tjerkstra.com\/wordpress\/wp-content\/uploads\/2023\/08\/P1100028-525x350.jpg 525w, https:\/\/tjerkstra.com\/wordpress\/wp-content\/uploads\/2023\/08\/P1100028-102x68.jpg 102w\" sizes=\"auto, (max-width: 600px) 100vw, 600px\" \/><\/figure>\n\n\n\n<p><br>Hoe kin men op it toppunt komme<br>fan it leauwe yn it lok<br>fan alle minsken yn de st\u00ead<br>d\u00ear\u2019t skieding lang de oerh\u00e2n hie,<br>wat hie mear fan in flok.<br><br>Slaan steigers on safier te kommen<br>dat de gl\u00e2ns fan eigenheid<br>wurdt sichtber yn de hiele st\u00ead,<br>yn harmony mei \u2019t kariljon<br>wint iepenheid it pleit.<br><br>De oprop klinkt om hjir te kommen,<br>want Martinus liet ek sjen<br>en hearre hoe\u2019t it leauwe heart<br>te w\u00eazen: iepenheid foar elk,<br>oars as in sletten clan.<br><br>Sa kin men op it toppunt komme:<br>nei de steigers iepen h\u00fbs<br>foar folk dat nei de oprop heart.<\/p>\n","protected":false},"excerpt":{"rendered":"<p>Hoe kin men op it toppunt kommefan it leauwe yn it lokfan alle minsken yn de st\u00eadd\u00ear\u2019t skieding lang de oerh\u00e2n hie,wat hie mear fan in flok. Slaan steigers on safier te kommendat de gl\u00e2ns fan eigenheidwurdt sichtber yn de hiele st\u00ead,yn harmony mei \u2019t kariljonwint iepenheid it pleit. De oprop klinkt om hjir te [&hellip;]<\/p>\n","protected":false},"author":1,"featured_media":0,"comment_status":"closed","ping_status":"closed","sticky":false,"template":"","format":"standard","meta":{"footnotes":""},"categories":[3],"tags":[],"class_list":["post-21458","post","type-post","status-publish","format-standard","hentry","category-lyrysk-deiboek"],"_links":{"self":[{"href":"https:\/\/tjerkstra.com\/wordpress\/wp-json\/wp\/v2\/posts\/21458","targetHints":{"allow":["GET"]}}],"collection":[{"href":"https:\/\/tjerkstra.com\/wordpress\/wp-json\/wp\/v2\/posts"}],"about":[{"href":"https:\/\/tjerkstra.com\/wordpress\/wp-json\/wp\/v2\/types\/post"}],"author":[{"embeddable":true,"href":"https:\/\/tjerkstra.com\/wordpress\/wp-json\/wp\/v2\/users\/1"}],"replies":[{"embeddable":true,"href":"https:\/\/tjerkstra.com\/wordpress\/wp-json\/wp\/v2\/comments?post=21458"}],"version-history":[{"count":3,"href":"https:\/\/tjerkstra.com\/wordpress\/wp-json\/wp\/v2\/posts\/21458\/revisions"}],"predecessor-version":[{"id":21462,"href":"https:\/\/tjerkstra.com\/wordpress\/wp-json\/wp\/v2\/posts\/21458\/revisions\/21462"}],"wp:attachment":[{"href":"https:\/\/tjerkstra.com\/wordpress\/wp-json\/wp\/v2\/media?parent=21458"}],"wp:term":[{"taxonomy":"category","embeddable":true,"href":"https:\/\/tjerkstra.com\/wordpress\/wp-json\/wp\/v2\/categories?post=21458"},{"taxonomy":"post_tag","embeddable":true,"href":"https:\/\/tjerkstra.com\/wordpress\/wp-json\/wp\/v2\/tags?post=21458"}],"curies":[{"name":"wp","href":"https:\/\/api.w.org\/{rel}","templated":true}]}}