{"id":21454,"date":"2023-08-27T17:32:40","date_gmt":"2023-08-27T17:32:40","guid":{"rendered":"https:\/\/tjerkstra.com\/wordpress\/?p=21454"},"modified":"2023-08-27T17:32:40","modified_gmt":"2023-08-27T17:32:40","slug":"neutrale-freonskip","status":"publish","type":"post","link":"https:\/\/tjerkstra.com\/wordpress\/skiednisbylden\/neutrale-freonskip\/","title":{"rendered":"Neutrale freonskip"},"content":{"rendered":"\n<figure class=\"wp-block-image size-large is-style-default\"><img loading=\"lazy\" decoding=\"async\" width=\"600\" height=\"250\" src=\"https:\/\/tjerkstra.com\/wordpress\/wp-content\/uploads\/2023\/08\/Wraldkaart-WOII-600x250.jpg\" alt=\"\" class=\"wp-image-21456\" srcset=\"https:\/\/tjerkstra.com\/wordpress\/wp-content\/uploads\/2023\/08\/Wraldkaart-WOII-600x250.jpg 600w, https:\/\/tjerkstra.com\/wordpress\/wp-content\/uploads\/2023\/08\/Wraldkaart-WOII-300x125.jpg 300w, https:\/\/tjerkstra.com\/wordpress\/wp-content\/uploads\/2023\/08\/Wraldkaart-WOII-768x320.jpg 768w, https:\/\/tjerkstra.com\/wordpress\/wp-content\/uploads\/2023\/08\/Wraldkaart-WOII-590x246.jpg 590w, https:\/\/tjerkstra.com\/wordpress\/wp-content\/uploads\/2023\/08\/Wraldkaart-WOII-102x43.jpg 102w, https:\/\/tjerkstra.com\/wordpress\/wp-content\/uploads\/2023\/08\/Wraldkaart-WOII.jpg 1200w\" sizes=\"auto, (max-width: 600px) 100vw, 600px\" \/><\/figure>\n\n\n\n<p><br><em>fan \u00fbnbekend*<br><\/em><br>De oarloch sloech foar master op,<br>nei \u2019t westen ek yn \u2019t easten,<br>dat de hiele wr\u00e2ld stie yn de br\u00e2n,<br>fan D\u00fatsl\u00e2n, Rusl\u00e2n oant Japan&#8230;<br>wa sloech it earste?<br><br>\u2019t Wie D\u00fatsl\u00e2n dy\u2019t d\u00earmei beg\u00fbn,<br>nei \u2019t easten, doe nei \u2019t westen,<br>oare lannen stiene yn best\u00e2n&#8230;<br>wat diene Rusl\u00e2n en Japan,<br>wat wie it b\u00easte?<br><br>Dy lannen hiene oarloch h\u00e2n,<br>mar waarden no bedrige,<br>dat sy struiden oer \u2019t ferline s\u00e2n,<br>sa woene Rusl\u00e2n en Japan<br>d\u00earboppe stige.<br><br>Wa\u2019t fij\u00e2n wie, waard no as freon<br>besk\u00f4ge&#8230; \u2019t koe ferkeare,<br>beide wiene d\u00earmei \u00fat \u2019e br\u00e2n.<br><br><em>Kaart \u2018Twadde Wr\u00e2ldoarloch\u2019<br><\/em><br><br><br><\/p>\n","protected":false},"excerpt":{"rendered":"<p>fan \u00fbnbekend*De oarloch sloech foar master op,nei \u2019t westen ek yn \u2019t easten,dat de hiele wr\u00e2ld stie yn de br\u00e2n,fan D\u00fatsl\u00e2n, Rusl\u00e2n oant Japan&#8230;wa sloech it earste? \u2019t Wie D\u00fatsl\u00e2n dy\u2019t d\u00earmei beg\u00fbn,nei \u2019t easten, doe nei \u2019t westen,oare lannen stiene yn best\u00e2n&#8230;wat diene Rusl\u00e2n en Japan,wat wie it b\u00easte? Dy lannen hiene oarloch h\u00e2n,mar [&hellip;]<\/p>\n","protected":false},"author":1,"featured_media":0,"comment_status":"closed","ping_status":"closed","sticky":false,"template":"","format":"standard","meta":{"footnotes":""},"categories":[9],"tags":[],"class_list":["post-21454","post","type-post","status-publish","format-standard","hentry","category-skiednisbylden"],"_links":{"self":[{"href":"https:\/\/tjerkstra.com\/wordpress\/wp-json\/wp\/v2\/posts\/21454","targetHints":{"allow":["GET"]}}],"collection":[{"href":"https:\/\/tjerkstra.com\/wordpress\/wp-json\/wp\/v2\/posts"}],"about":[{"href":"https:\/\/tjerkstra.com\/wordpress\/wp-json\/wp\/v2\/types\/post"}],"author":[{"embeddable":true,"href":"https:\/\/tjerkstra.com\/wordpress\/wp-json\/wp\/v2\/users\/1"}],"replies":[{"embeddable":true,"href":"https:\/\/tjerkstra.com\/wordpress\/wp-json\/wp\/v2\/comments?post=21454"}],"version-history":[{"count":2,"href":"https:\/\/tjerkstra.com\/wordpress\/wp-json\/wp\/v2\/posts\/21454\/revisions"}],"predecessor-version":[{"id":21457,"href":"https:\/\/tjerkstra.com\/wordpress\/wp-json\/wp\/v2\/posts\/21454\/revisions\/21457"}],"wp:attachment":[{"href":"https:\/\/tjerkstra.com\/wordpress\/wp-json\/wp\/v2\/media?parent=21454"}],"wp:term":[{"taxonomy":"category","embeddable":true,"href":"https:\/\/tjerkstra.com\/wordpress\/wp-json\/wp\/v2\/categories?post=21454"},{"taxonomy":"post_tag","embeddable":true,"href":"https:\/\/tjerkstra.com\/wordpress\/wp-json\/wp\/v2\/tags?post=21454"}],"curies":[{"name":"wp","href":"https:\/\/api.w.org\/{rel}","templated":true}]}}