{"id":21387,"date":"2023-08-10T19:18:37","date_gmt":"2023-08-10T19:18:37","guid":{"rendered":"https:\/\/tjerkstra.com\/wordpress\/?p=21387"},"modified":"2023-08-10T19:18:37","modified_gmt":"2023-08-10T19:18:37","slug":"ideaal-utsicht","status":"publish","type":"post","link":"https:\/\/tjerkstra.com\/wordpress\/keunst\/ideaal-utsicht\/","title":{"rendered":"Ideaal \u00fatsicht"},"content":{"rendered":"\n<figure class=\"wp-block-image size-full is-style-default\"><img loading=\"lazy\" decoding=\"async\" width=\"460\" height=\"276\" src=\"https:\/\/tjerkstra.com\/wordpress\/wp-content\/uploads\/2023\/08\/Wyeth-14.webp\" alt=\"\" class=\"wp-image-21390\" srcset=\"https:\/\/tjerkstra.com\/wordpress\/wp-content\/uploads\/2023\/08\/Wyeth-14.webp 460w, https:\/\/tjerkstra.com\/wordpress\/wp-content\/uploads\/2023\/08\/Wyeth-14-300x180.webp 300w, https:\/\/tjerkstra.com\/wordpress\/wp-content\/uploads\/2023\/08\/Wyeth-14-102x61.webp 102w\" sizes=\"auto, (max-width: 460px) 100vw, 460px\" \/><\/figure>\n\n\n\n<p><em>fan Andrew Wyeth*<br><\/em><br>It \u00fatsicht is it ideaal<br>dat oanl\u00fbkt nei de fierte ta:<br>in h\u00fbs om r\u00east te finen,<br>mar fierderop de flakke kym&#8230;<br>de flecht \u00fat it ferline.<br><br>Sy sleept noch mei har mank ferhaal,<br>kr\u00fbpt stadich nei de fierte ta<br>om d\u00earnei \u00fat te r\u00easten<br>en stiet har libben goed op rym,<br>dan giet sy foar it b\u00easte.<br><br>Har jong bestean op grutter skaal<br>stiet op lykas har namme seit:<br>Christina sil no fine<br>it \u00fatsicht s\u00fbnder noch de skym<br>fan slepe mei har pine.<br><br><em>* Andrew Wyeth (1917-2009)<br>Skilderij \u2018De wr\u00e2ld fan Christina\u2019<br><\/em><br><br><br><\/p>\n","protected":false},"excerpt":{"rendered":"<p>fan Andrew Wyeth*It \u00fatsicht is it ideaaldat oanl\u00fbkt nei de fierte ta:in h\u00fbs om r\u00east te finen,mar fierderop de flakke kym&#8230;de flecht \u00fat it ferline. Sy sleept noch mei har mank ferhaal,kr\u00fbpt stadich nei de fierte taom d\u00earnei \u00fat te r\u00eastenen stiet har libben goed op rym,dan giet sy foar it b\u00easte. Har jong bestean [&hellip;]<\/p>\n","protected":false},"author":1,"featured_media":0,"comment_status":"closed","ping_status":"closed","sticky":false,"template":"","format":"standard","meta":{"footnotes":""},"categories":[6],"tags":[],"class_list":["post-21387","post","type-post","status-publish","format-standard","hentry","category-keunst"],"_links":{"self":[{"href":"https:\/\/tjerkstra.com\/wordpress\/wp-json\/wp\/v2\/posts\/21387","targetHints":{"allow":["GET"]}}],"collection":[{"href":"https:\/\/tjerkstra.com\/wordpress\/wp-json\/wp\/v2\/posts"}],"about":[{"href":"https:\/\/tjerkstra.com\/wordpress\/wp-json\/wp\/v2\/types\/post"}],"author":[{"embeddable":true,"href":"https:\/\/tjerkstra.com\/wordpress\/wp-json\/wp\/v2\/users\/1"}],"replies":[{"embeddable":true,"href":"https:\/\/tjerkstra.com\/wordpress\/wp-json\/wp\/v2\/comments?post=21387"}],"version-history":[{"count":2,"href":"https:\/\/tjerkstra.com\/wordpress\/wp-json\/wp\/v2\/posts\/21387\/revisions"}],"predecessor-version":[{"id":21391,"href":"https:\/\/tjerkstra.com\/wordpress\/wp-json\/wp\/v2\/posts\/21387\/revisions\/21391"}],"wp:attachment":[{"href":"https:\/\/tjerkstra.com\/wordpress\/wp-json\/wp\/v2\/media?parent=21387"}],"wp:term":[{"taxonomy":"category","embeddable":true,"href":"https:\/\/tjerkstra.com\/wordpress\/wp-json\/wp\/v2\/categories?post=21387"},{"taxonomy":"post_tag","embeddable":true,"href":"https:\/\/tjerkstra.com\/wordpress\/wp-json\/wp\/v2\/tags?post=21387"}],"curies":[{"name":"wp","href":"https:\/\/api.w.org\/{rel}","templated":true}]}}