{"id":21357,"date":"2023-08-01T17:16:52","date_gmt":"2023-08-01T17:16:52","guid":{"rendered":"https:\/\/tjerkstra.com\/wordpress\/?p=21357"},"modified":"2023-08-01T17:16:52","modified_gmt":"2023-08-01T17:16:52","slug":"afgewogen-maaltijd","status":"publish","type":"post","link":"https:\/\/tjerkstra.com\/wordpress\/jereims\/afgewogen-maaltijd\/","title":{"rendered":"Afgewogen maaltijd"},"content":{"rendered":"\n<figure class=\"wp-block-image size-large is-style-default\"><img loading=\"lazy\" decoding=\"async\" width=\"600\" height=\"425\" src=\"https:\/\/tjerkstra.com\/wordpress\/wp-content\/uploads\/2023\/08\/Begraffenismiel-600x425.jpg\" alt=\"\" class=\"wp-image-21359\" srcset=\"https:\/\/tjerkstra.com\/wordpress\/wp-content\/uploads\/2023\/08\/Begraffenismiel-600x425.jpg 600w, https:\/\/tjerkstra.com\/wordpress\/wp-content\/uploads\/2023\/08\/Begraffenismiel-300x212.jpg 300w, https:\/\/tjerkstra.com\/wordpress\/wp-content\/uploads\/2023\/08\/Begraffenismiel-768x544.jpg 768w, https:\/\/tjerkstra.com\/wordpress\/wp-content\/uploads\/2023\/08\/Begraffenismiel-1536x1088.jpg 1536w, https:\/\/tjerkstra.com\/wordpress\/wp-content\/uploads\/2023\/08\/Begraffenismiel-494x350.jpg 494w, https:\/\/tjerkstra.com\/wordpress\/wp-content\/uploads\/2023\/08\/Begraffenismiel-100x71.jpg 100w, https:\/\/tjerkstra.com\/wordpress\/wp-content\/uploads\/2023\/08\/Begraffenismiel.jpg 1899w\" sizes=\"auto, (max-width: 600px) 100vw, 600px\" \/><\/figure>\n\n\n\n<p><em>van L\u00e9on Fr\u00e9d\u00e9ric*<br><\/em><br>Het kan op deze dag wel buiten,<br>al is het \u2019s middags zwaar bewolkt<br>met nog een glimlach van de zon,<br>herinnering aan boer Louis,<br>die vaak geluidloos lachte<br>om niemand uit te sluiten.<br><br>Daarom is iedereen aanwezig;<br>hoewel het dorp raakt licht ontvolkt,<br>is elke plaats toch nog bezet,<br>Louis ter nagedachtenis,<br>die wel een biertje lustte,<br>een ander hield hem bezig.<br><br>De torenspits wijst recht naar boven,<br>heeft nooit een boodschap aan het weer,<br>maar wel aan boer Louis gehad:<br>het hoofd omhoog voor \u2019t eeuwig heil,<br>na \u2019t biechten van je zonden,<br>moet jij eraan geloven.<br><br>De hoofden zijn nu licht gebogen<br>terwijl de priester gaat in het<br>gebed in op Louis en maal:<br>\u2018Heer, luister naar de boer zijn dank<br>en zegen de kom voedsel<br>die hij heeft afgewogen.\u2019<br><br><em>* L\u00e9on Fr\u00e9d\u00e9ric (1856-1940)<br>Schilderij \u2018Begrafenismaal\u2019\u00a0<\/em><\/p>\n","protected":false},"excerpt":{"rendered":"<p>van L\u00e9on Fr\u00e9d\u00e9ric*Het kan op deze dag wel buiten,al is het \u2019s middags zwaar bewolktmet nog een glimlach van de zon,herinnering aan boer Louis,die vaak geluidloos lachteom niemand uit te sluiten. Daarom is iedereen aanwezig;hoewel het dorp raakt licht ontvolkt,is elke plaats toch nog bezet,Louis ter nagedachtenis,die wel een biertje lustte,een ander hield hem bezig. [&hellip;]<\/p>\n","protected":false},"author":1,"featured_media":0,"comment_status":"closed","ping_status":"closed","sticky":false,"template":"","format":"standard","meta":{"footnotes":""},"categories":[5],"tags":[],"class_list":["post-21357","post","type-post","status-publish","format-standard","hentry","category-jereims"],"_links":{"self":[{"href":"https:\/\/tjerkstra.com\/wordpress\/wp-json\/wp\/v2\/posts\/21357","targetHints":{"allow":["GET"]}}],"collection":[{"href":"https:\/\/tjerkstra.com\/wordpress\/wp-json\/wp\/v2\/posts"}],"about":[{"href":"https:\/\/tjerkstra.com\/wordpress\/wp-json\/wp\/v2\/types\/post"}],"author":[{"embeddable":true,"href":"https:\/\/tjerkstra.com\/wordpress\/wp-json\/wp\/v2\/users\/1"}],"replies":[{"embeddable":true,"href":"https:\/\/tjerkstra.com\/wordpress\/wp-json\/wp\/v2\/comments?post=21357"}],"version-history":[{"count":2,"href":"https:\/\/tjerkstra.com\/wordpress\/wp-json\/wp\/v2\/posts\/21357\/revisions"}],"predecessor-version":[{"id":21360,"href":"https:\/\/tjerkstra.com\/wordpress\/wp-json\/wp\/v2\/posts\/21357\/revisions\/21360"}],"wp:attachment":[{"href":"https:\/\/tjerkstra.com\/wordpress\/wp-json\/wp\/v2\/media?parent=21357"}],"wp:term":[{"taxonomy":"category","embeddable":true,"href":"https:\/\/tjerkstra.com\/wordpress\/wp-json\/wp\/v2\/categories?post=21357"},{"taxonomy":"post_tag","embeddable":true,"href":"https:\/\/tjerkstra.com\/wordpress\/wp-json\/wp\/v2\/tags?post=21357"}],"curies":[{"name":"wp","href":"https:\/\/api.w.org\/{rel}","templated":true}]}}