{"id":21328,"date":"2023-07-26T15:37:52","date_gmt":"2023-07-26T15:37:52","guid":{"rendered":"https:\/\/tjerkstra.com\/wordpress\/?p=21328"},"modified":"2023-07-26T15:37:52","modified_gmt":"2023-07-26T15:37:52","slug":"ofgoaderij-runom","status":"publish","type":"post","link":"https:\/\/tjerkstra.com\/wordpress\/bibelbylden\/ofgoaderij-runom\/","title":{"rendered":"Ofgoaderij r\u00fbnom"},"content":{"rendered":"\n<figure class=\"wp-block-image size-full is-style-default\"><img loading=\"lazy\" decoding=\"async\" width=\"416\" height=\"277\" src=\"https:\/\/tjerkstra.com\/wordpress\/wp-content\/uploads\/2023\/07\/Sinne-as-god.webp\" alt=\"\" class=\"wp-image-21330\" srcset=\"https:\/\/tjerkstra.com\/wordpress\/wp-content\/uploads\/2023\/07\/Sinne-as-god.webp 416w, https:\/\/tjerkstra.com\/wordpress\/wp-content\/uploads\/2023\/07\/Sinne-as-god-300x200.webp 300w, https:\/\/tjerkstra.com\/wordpress\/wp-content\/uploads\/2023\/07\/Sinne-as-god-102x68.webp 102w\" sizes=\"auto, (max-width: 416px) 100vw, 416px\" \/><\/figure>\n\n\n\n<p><em>fan \u00fbnbekend*<\/em><br>Ezechi\u00ebl<em><br><\/em><br>As profeet kriich ik in fisioen:<br>in man mei \u00fbnder fjoer en boppe gl\u00e2ns<br>beg\u00fbn my oan it hier te l\u00fbken,<br>d\u00earnei brocht de wyn my nei Jeruzalem<br>en sjoch, d\u00ear wie de hearlikheid fan God:<br><br>\u2018Minskesoan, no sjochst wat Ik hjir f\u00fbn,<br>in byld dat gl\u00e2nzet fan \u00f4fgoaderij,<br>do sjochst ek wat sy b\u00fbgend dogge<br>by de Alterpoarte fan Jeruzalem,<br>do silst noch mear fan dy praktiken sjen.<br><br>Minskesoan, de timpel lit dy sjen<br>\u00f4fbyldings fan r\u00fbnom \u00f4fgoaderij,<br>sjoch nei de bisten dy\u2019t d\u00ear kr\u00fbpe,<br>nei de \u00e2ldsten, yn de h\u00e2n in wijreekfet,<br>sy freegje harren \u00f4f: w\u00ear is no God?<br><br>Minskesoan, do fregest hoe\u2019t it kin<br>dat fiifentweintich manlju mei de r\u00each<br>stean nei it hillichdom en b\u00fbge<br>foar de sinne: \u2019t is folslein \u00f4fgoaderij,<br>sy ha neat mei de hearlikheid fan God.\u2019<br><br><em>* Foto \u2018De sinne as \u00f4fgod\u2019<br><\/em><br><br><\/p>\n","protected":false},"excerpt":{"rendered":"<p>fan \u00fbnbekend*Ezechi\u00eblAs profeet kriich ik in fisioen:in man mei \u00fbnder fjoer en boppe gl\u00e2nsbeg\u00fbn my oan it hier te l\u00fbken,d\u00earnei brocht de wyn my nei Jeruzalemen sjoch, d\u00ear wie de hearlikheid fan God: \u2018Minskesoan, no sjochst wat Ik hjir f\u00fbn,in byld dat gl\u00e2nzet fan \u00f4fgoaderij,do sjochst ek wat sy b\u00fbgend doggeby de Alterpoarte fan Jeruzalem,do [&hellip;]<\/p>\n","protected":false},"author":1,"featured_media":0,"comment_status":"closed","ping_status":"closed","sticky":false,"template":"","format":"standard","meta":{"footnotes":""},"categories":[4],"tags":[],"class_list":["post-21328","post","type-post","status-publish","format-standard","hentry","category-bibelbylden"],"_links":{"self":[{"href":"https:\/\/tjerkstra.com\/wordpress\/wp-json\/wp\/v2\/posts\/21328","targetHints":{"allow":["GET"]}}],"collection":[{"href":"https:\/\/tjerkstra.com\/wordpress\/wp-json\/wp\/v2\/posts"}],"about":[{"href":"https:\/\/tjerkstra.com\/wordpress\/wp-json\/wp\/v2\/types\/post"}],"author":[{"embeddable":true,"href":"https:\/\/tjerkstra.com\/wordpress\/wp-json\/wp\/v2\/users\/1"}],"replies":[{"embeddable":true,"href":"https:\/\/tjerkstra.com\/wordpress\/wp-json\/wp\/v2\/comments?post=21328"}],"version-history":[{"count":2,"href":"https:\/\/tjerkstra.com\/wordpress\/wp-json\/wp\/v2\/posts\/21328\/revisions"}],"predecessor-version":[{"id":21331,"href":"https:\/\/tjerkstra.com\/wordpress\/wp-json\/wp\/v2\/posts\/21328\/revisions\/21331"}],"wp:attachment":[{"href":"https:\/\/tjerkstra.com\/wordpress\/wp-json\/wp\/v2\/media?parent=21328"}],"wp:term":[{"taxonomy":"category","embeddable":true,"href":"https:\/\/tjerkstra.com\/wordpress\/wp-json\/wp\/v2\/categories?post=21328"},{"taxonomy":"post_tag","embeddable":true,"href":"https:\/\/tjerkstra.com\/wordpress\/wp-json\/wp\/v2\/tags?post=21328"}],"curies":[{"name":"wp","href":"https:\/\/api.w.org\/{rel}","templated":true}]}}