{"id":21319,"date":"2023-07-24T15:51:05","date_gmt":"2023-07-24T15:51:05","guid":{"rendered":"https:\/\/tjerkstra.com\/wordpress\/?p=21319"},"modified":"2023-07-24T15:52:15","modified_gmt":"2023-07-24T15:52:15","slug":"untspoard-rjocht-2","status":"publish","type":"post","link":"https:\/\/tjerkstra.com\/wordpress\/lyrysk-deiboek\/untspoard-rjocht-2\/","title":{"rendered":"Untspoard rjocht"},"content":{"rendered":"\n<figure class=\"wp-block-image size-large is-style-default\"><img loading=\"lazy\" decoding=\"async\" width=\"600\" height=\"400\" src=\"https:\/\/tjerkstra.com\/wordpress\/wp-content\/uploads\/2023\/07\/P1090942-600x400.jpg\" alt=\"\" class=\"wp-image-21321\" srcset=\"https:\/\/tjerkstra.com\/wordpress\/wp-content\/uploads\/2023\/07\/P1090942-600x400.jpg 600w, https:\/\/tjerkstra.com\/wordpress\/wp-content\/uploads\/2023\/07\/P1090942-300x200.jpg 300w, https:\/\/tjerkstra.com\/wordpress\/wp-content\/uploads\/2023\/07\/P1090942-768x512.jpg 768w, https:\/\/tjerkstra.com\/wordpress\/wp-content\/uploads\/2023\/07\/P1090942-1536x1024.jpg 1536w, https:\/\/tjerkstra.com\/wordpress\/wp-content\/uploads\/2023\/07\/P1090942-2048x1365.jpg 2048w, https:\/\/tjerkstra.com\/wordpress\/wp-content\/uploads\/2023\/07\/P1090942-525x350.jpg 525w, https:\/\/tjerkstra.com\/wordpress\/wp-content\/uploads\/2023\/07\/P1090942-102x68.jpg 102w\" sizes=\"auto, (max-width: 600px) 100vw, 600px\" \/><\/figure>\n\n\n\n<p><br>It spoarde net mear op \u2019e rails,<br>sadat gjin reizger arrivearre<br>troch ynflaasje foar it folk<br>dat nei de heechste bonus socht,<br>it waard te leech wurdearre.<br><br>L\u00fbk \u00fat it grint de beide rails,<br>sadat de treinen net mear ride<br>kinne, \u2019t oerlis is \u00fbntspoard,<br>wat prorail rap yn aksje brocht,<br>wa\u2019t foar is, lit dy stride.<br><br>Men l\u00fbkt troch it bestean in spoar,<br>dat meastal \u00f4fwykt fan streekrjochte<br>banen, passend by it folk<br>dat foar it rjocht op takomst striidt,<br>d\u00ear\u2019t foarfaars ek foar fochten.<br><br><\/p>\n","protected":false},"excerpt":{"rendered":"<p>It spoarde net mear op \u2019e rails,sadat gjin reizger arrivearretroch ynflaasje foar it folkdat nei de heechste bonus socht,it waard te leech wurdearre. L\u00fbk \u00fat it grint de beide rails,sadat de treinen net mear ridekinne, \u2019t oerlis is \u00fbntspoard,wat prorail rap yn aksje brocht,wa\u2019t foar is, lit dy stride. Men l\u00fbkt troch it bestean in [&hellip;]<\/p>\n","protected":false},"author":1,"featured_media":0,"comment_status":"closed","ping_status":"closed","sticky":false,"template":"","format":"standard","meta":{"footnotes":""},"categories":[3],"tags":[],"class_list":["post-21319","post","type-post","status-publish","format-standard","hentry","category-lyrysk-deiboek"],"_links":{"self":[{"href":"https:\/\/tjerkstra.com\/wordpress\/wp-json\/wp\/v2\/posts\/21319","targetHints":{"allow":["GET"]}}],"collection":[{"href":"https:\/\/tjerkstra.com\/wordpress\/wp-json\/wp\/v2\/posts"}],"about":[{"href":"https:\/\/tjerkstra.com\/wordpress\/wp-json\/wp\/v2\/types\/post"}],"author":[{"embeddable":true,"href":"https:\/\/tjerkstra.com\/wordpress\/wp-json\/wp\/v2\/users\/1"}],"replies":[{"embeddable":true,"href":"https:\/\/tjerkstra.com\/wordpress\/wp-json\/wp\/v2\/comments?post=21319"}],"version-history":[{"count":3,"href":"https:\/\/tjerkstra.com\/wordpress\/wp-json\/wp\/v2\/posts\/21319\/revisions"}],"predecessor-version":[{"id":21323,"href":"https:\/\/tjerkstra.com\/wordpress\/wp-json\/wp\/v2\/posts\/21319\/revisions\/21323"}],"wp:attachment":[{"href":"https:\/\/tjerkstra.com\/wordpress\/wp-json\/wp\/v2\/media?parent=21319"}],"wp:term":[{"taxonomy":"category","embeddable":true,"href":"https:\/\/tjerkstra.com\/wordpress\/wp-json\/wp\/v2\/categories?post=21319"},{"taxonomy":"post_tag","embeddable":true,"href":"https:\/\/tjerkstra.com\/wordpress\/wp-json\/wp\/v2\/tags?post=21319"}],"curies":[{"name":"wp","href":"https:\/\/api.w.org\/{rel}","templated":true}]}}