{"id":21313,"date":"2023-07-23T16:46:07","date_gmt":"2023-07-23T16:46:07","guid":{"rendered":"https:\/\/tjerkstra.com\/wordpress\/?p=21313"},"modified":"2023-07-23T16:46:07","modified_gmt":"2023-07-23T16:46:07","slug":"hjir-of-der","status":"publish","type":"post","link":"https:\/\/tjerkstra.com\/wordpress\/skiednisbylden\/hjir-of-der\/","title":{"rendered":"Hjir of d\u00ear"},"content":{"rendered":"\n<figure class=\"wp-block-image size-large is-style-default\"><img loading=\"lazy\" decoding=\"async\" width=\"600\" height=\"425\" src=\"https:\/\/tjerkstra.com\/wordpress\/wp-content\/uploads\/2023\/07\/Wilhelmina-2-600x425.jpg\" alt=\"\" class=\"wp-image-21316\" srcset=\"https:\/\/tjerkstra.com\/wordpress\/wp-content\/uploads\/2023\/07\/Wilhelmina-2-600x425.jpg 600w, https:\/\/tjerkstra.com\/wordpress\/wp-content\/uploads\/2023\/07\/Wilhelmina-2-300x213.jpg 300w, https:\/\/tjerkstra.com\/wordpress\/wp-content\/uploads\/2023\/07\/Wilhelmina-2-768x544.jpg 768w, https:\/\/tjerkstra.com\/wordpress\/wp-content\/uploads\/2023\/07\/Wilhelmina-2-494x350.jpg 494w, https:\/\/tjerkstra.com\/wordpress\/wp-content\/uploads\/2023\/07\/Wilhelmina-2-100x71.jpg 100w, https:\/\/tjerkstra.com\/wordpress\/wp-content\/uploads\/2023\/07\/Wilhelmina-2.jpg 1130w\" sizes=\"auto, (max-width: 600px) 100vw, 600px\" \/><\/figure>\n\n\n\n<p><em>fan \u00fbnbekend*<br>fan \u00fbnbekend**<br><\/em><br>Hoe komt it as de fij\u00e2n komt<br>en mei geweld it l\u00e2n beset,<br>kin dan it folk him noch wol r\u00eade?<br>It bliuwt yn eigen doarp of st\u00ead<br>en suchtet \u00fbnder fij\u00e2ns wet.<br><br>Hoe komt it mei de keningin,<br>de heechste mem fan hiel it l\u00e2n,<br>kin dy har bange bern noch r\u00eade?<br>Sy flechtet oer de wide see,<br>ferbrekt d\u00earmei de hechte b\u00e2n.<br><br>Hoe komt it mei de kening fan<br>har buorsteat s\u00fad fan Nederl\u00e2n,<br>as heit kin hy it ek net r\u00eade,<br>mar bliuwt wol by syn bange bern,<br>hoewol\u2019t d\u00ear hearsket moard en br\u00e2n.<br><br>It komt grif hoe\u2019t men d\u00earnei sjocht:<br>it risiko fan hjir of d\u00ear,<br>it sicht op wat men hjir noch r\u00eade<br>kin of op \u00f4fst\u00e2n stjoere kin&#8230;<br>en nei de oarloch bist in stjer.<br><br><em>* Foto \u2018Keninginne Wilhelmina\u2019<br>** Foto \u2018Kening Leopold III\u2019<\/em><\/p>\n\n\n\n<figure class=\"wp-block-image size-large is-style-default\"><img loading=\"lazy\" decoding=\"async\" width=\"429\" height=\"600\" src=\"https:\/\/tjerkstra.com\/wordpress\/wp-content\/uploads\/2023\/07\/Leopold-III-429x600.jpg\" alt=\"\" class=\"wp-image-21317\" srcset=\"https:\/\/tjerkstra.com\/wordpress\/wp-content\/uploads\/2023\/07\/Leopold-III-429x600.jpg 429w, https:\/\/tjerkstra.com\/wordpress\/wp-content\/uploads\/2023\/07\/Leopold-III-214x300.jpg 214w, https:\/\/tjerkstra.com\/wordpress\/wp-content\/uploads\/2023\/07\/Leopold-III-768x1075.jpg 768w, https:\/\/tjerkstra.com\/wordpress\/wp-content\/uploads\/2023\/07\/Leopold-III-1098x1536.jpg 1098w, https:\/\/tjerkstra.com\/wordpress\/wp-content\/uploads\/2023\/07\/Leopold-III-250x350.jpg 250w, https:\/\/tjerkstra.com\/wordpress\/wp-content\/uploads\/2023\/07\/Leopold-III-51x71.jpg 51w, https:\/\/tjerkstra.com\/wordpress\/wp-content\/uploads\/2023\/07\/Leopold-III.jpg 1152w\" sizes=\"auto, (max-width: 429px) 100vw, 429px\" \/><\/figure>\n","protected":false},"excerpt":{"rendered":"<p>fan \u00fbnbekend*fan \u00fbnbekend**Hoe komt it as de fij\u00e2n komten mei geweld it l\u00e2n beset,kin dan it folk him noch wol r\u00eade?It bliuwt yn eigen doarp of st\u00eaden suchtet \u00fbnder fij\u00e2ns wet. Hoe komt it mei de keningin,de heechste mem fan hiel it l\u00e2n,kin dy har bange bern noch r\u00eade?Sy flechtet oer de wide see,ferbrekt d\u00earmei [&hellip;]<\/p>\n","protected":false},"author":1,"featured_media":0,"comment_status":"closed","ping_status":"closed","sticky":false,"template":"","format":"standard","meta":{"footnotes":""},"categories":[9],"tags":[],"class_list":["post-21313","post","type-post","status-publish","format-standard","hentry","category-skiednisbylden"],"_links":{"self":[{"href":"https:\/\/tjerkstra.com\/wordpress\/wp-json\/wp\/v2\/posts\/21313","targetHints":{"allow":["GET"]}}],"collection":[{"href":"https:\/\/tjerkstra.com\/wordpress\/wp-json\/wp\/v2\/posts"}],"about":[{"href":"https:\/\/tjerkstra.com\/wordpress\/wp-json\/wp\/v2\/types\/post"}],"author":[{"embeddable":true,"href":"https:\/\/tjerkstra.com\/wordpress\/wp-json\/wp\/v2\/users\/1"}],"replies":[{"embeddable":true,"href":"https:\/\/tjerkstra.com\/wordpress\/wp-json\/wp\/v2\/comments?post=21313"}],"version-history":[{"count":2,"href":"https:\/\/tjerkstra.com\/wordpress\/wp-json\/wp\/v2\/posts\/21313\/revisions"}],"predecessor-version":[{"id":21318,"href":"https:\/\/tjerkstra.com\/wordpress\/wp-json\/wp\/v2\/posts\/21313\/revisions\/21318"}],"wp:attachment":[{"href":"https:\/\/tjerkstra.com\/wordpress\/wp-json\/wp\/v2\/media?parent=21313"}],"wp:term":[{"taxonomy":"category","embeddable":true,"href":"https:\/\/tjerkstra.com\/wordpress\/wp-json\/wp\/v2\/categories?post=21313"},{"taxonomy":"post_tag","embeddable":true,"href":"https:\/\/tjerkstra.com\/wordpress\/wp-json\/wp\/v2\/tags?post=21313"}],"curies":[{"name":"wp","href":"https:\/\/api.w.org\/{rel}","templated":true}]}}