{"id":21294,"date":"2023-07-19T15:30:47","date_gmt":"2023-07-19T15:30:47","guid":{"rendered":"https:\/\/tjerkstra.com\/wordpress\/?p=21294"},"modified":"2023-07-19T15:31:48","modified_gmt":"2023-07-19T15:31:48","slug":"in-part-libbet-troch","status":"publish","type":"post","link":"https:\/\/tjerkstra.com\/wordpress\/bibelbylden\/in-part-libbet-troch\/","title":{"rendered":"In part libbet troch"},"content":{"rendered":"\n<figure class=\"wp-block-image size-large is-style-default\"><img loading=\"lazy\" decoding=\"async\" width=\"600\" height=\"450\" src=\"https:\/\/tjerkstra.com\/wordpress\/wp-content\/uploads\/2023\/07\/Offerhichte-600x450.jpeg\" alt=\"\" class=\"wp-image-21296\" srcset=\"https:\/\/tjerkstra.com\/wordpress\/wp-content\/uploads\/2023\/07\/Offerhichte-600x450.jpeg 600w, https:\/\/tjerkstra.com\/wordpress\/wp-content\/uploads\/2023\/07\/Offerhichte-300x225.jpeg 300w, https:\/\/tjerkstra.com\/wordpress\/wp-content\/uploads\/2023\/07\/Offerhichte-768x576.jpeg 768w, https:\/\/tjerkstra.com\/wordpress\/wp-content\/uploads\/2023\/07\/Offerhichte-467x350.jpeg 467w, https:\/\/tjerkstra.com\/wordpress\/wp-content\/uploads\/2023\/07\/Offerhichte-95x71.jpeg 95w, https:\/\/tjerkstra.com\/wordpress\/wp-content\/uploads\/2023\/07\/Offerhichte.jpeg 1200w\" sizes=\"auto, (max-width: 600px) 100vw, 600px\" \/><\/figure>\n\n\n\n<p><em>fan \u00fbnbekend*<br><\/em>Ezechi\u00ebl<br><br>Minskesoan, do moatst no profetearje<br>tsjin de bergen, heuvels en falleien,<br>want Ik sil har treffe mei it swurd,<br>ferbrizelje de offerhichten,<br>ferneatigje de wijreekalters,<br>de st\u00eaden wurde ta ru\u00efnes,<br>it folk ferfalt yn lijen<br>troch honger, pest en swurd.<br><br>Mar in part sil oan de dea \u00fbntkomme,<br>wurdt ferstruid oer bergen, troch falleien,<br>komt as balling yn de frjemdte oan,<br>hat skamte foar de offerhichten,<br>ferachtet djip de wijreekalters,<br>dat part sil dan wer oan My tinke<br>hoe\u2019t Ik it brocht yn lijen,<br>it sjocht My dan wer oan.<br><br><em>Foto \u2018Offerhichte\u2019<\/em><\/p>\n","protected":false},"excerpt":{"rendered":"<p>fan \u00fbnbekend*Ezechi\u00ebl Minskesoan, do moatst no profetearjetsjin de bergen, heuvels en falleien,want Ik sil har treffe mei it swurd,ferbrizelje de offerhichten,ferneatigje de wijreekalters,de st\u00eaden wurde ta ru\u00efnes,it folk ferfalt yn lijentroch honger, pest en swurd. Mar in part sil oan de dea \u00fbntkomme,wurdt ferstruid oer bergen, troch falleien,komt as balling yn de frjemdte oan,hat skamte [&hellip;]<\/p>\n","protected":false},"author":1,"featured_media":0,"comment_status":"closed","ping_status":"closed","sticky":false,"template":"","format":"standard","meta":{"footnotes":""},"categories":[4],"tags":[],"class_list":["post-21294","post","type-post","status-publish","format-standard","hentry","category-bibelbylden"],"_links":{"self":[{"href":"https:\/\/tjerkstra.com\/wordpress\/wp-json\/wp\/v2\/posts\/21294","targetHints":{"allow":["GET"]}}],"collection":[{"href":"https:\/\/tjerkstra.com\/wordpress\/wp-json\/wp\/v2\/posts"}],"about":[{"href":"https:\/\/tjerkstra.com\/wordpress\/wp-json\/wp\/v2\/types\/post"}],"author":[{"embeddable":true,"href":"https:\/\/tjerkstra.com\/wordpress\/wp-json\/wp\/v2\/users\/1"}],"replies":[{"embeddable":true,"href":"https:\/\/tjerkstra.com\/wordpress\/wp-json\/wp\/v2\/comments?post=21294"}],"version-history":[{"count":4,"href":"https:\/\/tjerkstra.com\/wordpress\/wp-json\/wp\/v2\/posts\/21294\/revisions"}],"predecessor-version":[{"id":21299,"href":"https:\/\/tjerkstra.com\/wordpress\/wp-json\/wp\/v2\/posts\/21294\/revisions\/21299"}],"wp:attachment":[{"href":"https:\/\/tjerkstra.com\/wordpress\/wp-json\/wp\/v2\/media?parent=21294"}],"wp:term":[{"taxonomy":"category","embeddable":true,"href":"https:\/\/tjerkstra.com\/wordpress\/wp-json\/wp\/v2\/categories?post=21294"},{"taxonomy":"post_tag","embeddable":true,"href":"https:\/\/tjerkstra.com\/wordpress\/wp-json\/wp\/v2\/tags?post=21294"}],"curies":[{"name":"wp","href":"https:\/\/api.w.org\/{rel}","templated":true}]}}