{"id":21271,"date":"2023-07-12T15:39:56","date_gmt":"2023-07-12T15:39:56","guid":{"rendered":"https:\/\/tjerkstra.com\/wordpress\/?p=21271"},"modified":"2023-07-12T15:40:30","modified_gmt":"2023-07-12T15:40:30","slug":"hier-fan-ezechiel","status":"publish","type":"post","link":"https:\/\/tjerkstra.com\/wordpress\/bibelbylden\/hier-fan-ezechiel\/","title":{"rendered":"Hier fan Ezechi\u00ebl"},"content":{"rendered":"\n<figure class=\"wp-block-image size-full is-style-default\"><img loading=\"lazy\" decoding=\"async\" width=\"242\" height=\"242\" src=\"https:\/\/tjerkstra.com\/wordpress\/wp-content\/uploads\/2023\/07\/Ezechiel-6.jpg\" alt=\"\" class=\"wp-image-21273\" srcset=\"https:\/\/tjerkstra.com\/wordpress\/wp-content\/uploads\/2023\/07\/Ezechiel-6.jpg 242w, https:\/\/tjerkstra.com\/wordpress\/wp-content\/uploads\/2023\/07\/Ezechiel-6-150x150.jpg 150w, https:\/\/tjerkstra.com\/wordpress\/wp-content\/uploads\/2023\/07\/Ezechiel-6-71x71.jpg 71w\" sizes=\"auto, (max-width: 242px) 100vw, 242px\" \/><\/figure>\n\n\n\n<p><em>fan \u00fbnbekend*<\/em><br>Ezechi\u00ebl<em><br><\/em><br>Minskesoan, nim no in swurd<br>datsto as skearmes br\u00fbke silst<br>en helje dat oer burd en holle,<br>hoewol\u2019tst keal wurdst<br>stiesto net foar skut.<br><br>Nim in tredde part fan \u2019t hier,<br>ferbr\u00e2n dat middenyn de st\u00ead<br>as teken dat in tredde part fan<br>honger omkomt<br>of de pest, wiswier.<br><br>Nim dan wer in tredde part<br>en hakje \u2019t fyn, net yn de st\u00ead,<br>d\u00earb\u00fbten, want in\u00a0 tredde part komt<br>troch it swurd om,<br>\u2019t is wiswier, dat bart.<br><br>Dan bliuwt oer it l\u00easte part<br>datst \u00fatstruist op \u2019e wyn, Ik gean<br>d\u00ear achteroan om mei it swurd te<br>deadzjen folk dat<br>goaden tsjinne hat.<br><br>Fan de hierren nimst in pear<br>en byn dy yn de seame fan<br>dyn mantel, dan nimst d\u00ear in pear by<br>wei, ferbr\u00e2n dy,<br>foar it folk in lear.<br><br><em>* Yllustraasje \u2018Ezechi\u00ebl\u2019<br><\/em><br><br><br><\/p>\n","protected":false},"excerpt":{"rendered":"<p>fan \u00fbnbekend*Ezechi\u00eblMinskesoan, nim no in swurddatsto as skearmes br\u00fbke silsten helje dat oer burd en holle,hoewol\u2019tst keal wurdststiesto net foar skut. Nim in tredde part fan \u2019t hier,ferbr\u00e2n dat middenyn de st\u00eadas teken dat in tredde part fanhonger omkomtof de pest, wiswier. Nim dan wer in tredde parten hakje \u2019t fyn, net yn de st\u00ead,d\u00earb\u00fbten, [&hellip;]<\/p>\n","protected":false},"author":1,"featured_media":0,"comment_status":"closed","ping_status":"closed","sticky":false,"template":"","format":"standard","meta":{"footnotes":""},"categories":[4],"tags":[],"class_list":["post-21271","post","type-post","status-publish","format-standard","hentry","category-bibelbylden"],"_links":{"self":[{"href":"https:\/\/tjerkstra.com\/wordpress\/wp-json\/wp\/v2\/posts\/21271","targetHints":{"allow":["GET"]}}],"collection":[{"href":"https:\/\/tjerkstra.com\/wordpress\/wp-json\/wp\/v2\/posts"}],"about":[{"href":"https:\/\/tjerkstra.com\/wordpress\/wp-json\/wp\/v2\/types\/post"}],"author":[{"embeddable":true,"href":"https:\/\/tjerkstra.com\/wordpress\/wp-json\/wp\/v2\/users\/1"}],"replies":[{"embeddable":true,"href":"https:\/\/tjerkstra.com\/wordpress\/wp-json\/wp\/v2\/comments?post=21271"}],"version-history":[{"count":3,"href":"https:\/\/tjerkstra.com\/wordpress\/wp-json\/wp\/v2\/posts\/21271\/revisions"}],"predecessor-version":[{"id":21275,"href":"https:\/\/tjerkstra.com\/wordpress\/wp-json\/wp\/v2\/posts\/21271\/revisions\/21275"}],"wp:attachment":[{"href":"https:\/\/tjerkstra.com\/wordpress\/wp-json\/wp\/v2\/media?parent=21271"}],"wp:term":[{"taxonomy":"category","embeddable":true,"href":"https:\/\/tjerkstra.com\/wordpress\/wp-json\/wp\/v2\/categories?post=21271"},{"taxonomy":"post_tag","embeddable":true,"href":"https:\/\/tjerkstra.com\/wordpress\/wp-json\/wp\/v2\/tags?post=21271"}],"curies":[{"name":"wp","href":"https:\/\/api.w.org\/{rel}","templated":true}]}}