{"id":2125,"date":"2016-10-08T19:07:59","date_gmt":"2016-10-08T19:07:59","guid":{"rendered":"http:\/\/www.tjerkstra.com\/wordpress\/?p=2125"},"modified":"2016-10-08T19:07:59","modified_gmt":"2016-10-08T19:07:59","slug":"ballade-fan-de-markolpyk","status":"publish","type":"post","link":"https:\/\/tjerkstra.com\/wordpress\/lyrysk-deiboek\/ballade-fan-de-markolpyk\/","title":{"rendered":"Ballade fan de markolpyk"},"content":{"rendered":"<table class=\"contentpaneopen\">\n<tbody>\n<tr>\n<td class=\"contentheading\" width=\"100%\"><\/td>\n<td class=\"buttonheading\" align=\"right\" width=\"100%\"><a title=\"PDF\"> <img decoding=\"async\" src=\"http:\/\/www.tjerkstra.com\/images\/M_images\/pdf_button.png\" alt=\"PDF\" name=\"image\" align=\"middle\" border=\"0\" \/> <\/a><\/td>\n<td class=\"buttonheading\" align=\"right\" width=\"100%\"><a title=\"Print\"> <img decoding=\"async\" src=\"http:\/\/www.tjerkstra.com\/images\/M_images\/printButton.png\" alt=\"Print\" name=\"image\" align=\"middle\" border=\"0\" \/> <\/a><\/td>\n<td class=\"buttonheading\" align=\"right\" width=\"100%\"><a title=\"E-mail\"> <img decoding=\"async\" src=\"http:\/\/www.tjerkstra.com\/images\/M_images\/emailButton.png\" alt=\"E-mail\" name=\"image\" align=\"middle\" border=\"0\" \/> <\/a><\/td>\n<\/tr>\n<\/tbody>\n<\/table>\n<table class=\"contentpaneopen\">\n<tbody>\n<tr>\n<td colspan=\"2\" valign=\"top\">It \u00fatsicht siet al yn it n\u00east<br \/>\ndat lei wat heger op it wetter,<br \/>\nsa wie de oanlis better<br \/>\nom net te sizzen b\u00east.<\/p>\n<p><img loading=\"lazy\" decoding=\"async\" title=\"Image\" src=\"http:\/\/www.tjerkstra.com\/images\/stories\/deiboek2\/ynternet100_4675.jpg\" alt=\"Image\" width=\"450\" height=\"338\" border=\"0\" hspace=\"6\" \/><\/p>\n<p>Hy kaam as l\u00easte \u00fat &#8216;e dop<br \/>\nwat lei oan lege tempo-genen,<br \/>\nhy moast noch hiel wat traine,<br \/>\noars waard syn flecht in flop.<\/p>\n<p>Syn \u00e2ldste broer bleau leaver leech,<br \/>\nhy koe op &#8217;t wetter alles br\u00fbke,<br \/>\nsyn suster hold fan d\u00fbken,<br \/>\nhysels seach faak omheech.<\/p>\n<p>De ielgoes stie foar him model:<br \/>\nde lange oanrin oer it wetter,<br \/>\nde lege flecht wat letter,<br \/>\nmar wol te ier wer del.<\/p>\n<p>De wite miuwen yn in kloft<br \/>\nbeg\u00fbnen himelheech te kriezen<br \/>\nom him it paad te wizen:<br \/>\n&#8216;Kom by \u00fas yn de loft!&#8217;<\/p>\n<p><img loading=\"lazy\" decoding=\"async\" title=\"Image\" src=\"http:\/\/www.tjerkstra.com\/images\/stories\/deiboek2\/ynternet100_5081.jpg\" alt=\"Image\" width=\"450\" height=\"338\" border=\"0\" hspace=\"6\" \/><\/p>\n<p>Hy stiek lykwols \u00f4fgryslik \u00f4f,<br \/>\nit swarte flokte mei it wite<br \/>\nen yn dy grutte smite<br \/>\nbedarre hy yn&#8217;t nau.<\/p>\n<p>Doe klom in stoere m\u00fbzefalk<br \/>\nop brede wjukken nei de sinne,<br \/>\nhy dreau der samar hinne,<br \/>\nop &#8217;t blau in lytse wolk.<\/p>\n<p>De markol seach dat w\u00fbnder oan<br \/>\nen krige hege ynspiraasje<br \/>\nfan termikale graasje,<br \/>\nin sinnelik fertoan.<\/p>\n<p>Syn genen rekken yn de br\u00e2n,<br \/>\nhy tripke tempo\u00ebnd oer weagen,<br \/>\nfleach op mei sletten eagen,<br \/>\nin dream yn markel\u00e2n.<\/p>\n<p>It sweven duorre lykwols koart,<br \/>\nferoare yn in jeiend d\u00fbken,<br \/>\nsadat de siken st\u00fbken,<br \/>\nit terminale swart.<\/p>\n<p>De markol koe it sels net sjen:<br \/>\nde skerpe klauwen oan it skuorren,<br \/>\nsyn eigen fleis dat fuorre<br \/>\nde m\u00fbzefalk syn bern.<\/p>\n<p><img loading=\"lazy\" decoding=\"async\" title=\"Image\" src=\"http:\/\/www.tjerkstra.com\/images\/stories\/deiboek2\/ynternet100_5184.jpg\" alt=\"Image\" width=\"450\" height=\"338\" border=\"0\" hspace=\"6\" \/><\/td>\n<\/tr>\n<\/tbody>\n<\/table>\n","protected":false},"excerpt":{"rendered":"<p>It \u00fatsicht siet al yn it n\u00east dat lei wat heger op it wetter, sa wie de oanlis better om net te sizzen b\u00east. Hy kaam as l\u00easte \u00fat &#8216;e dop wat lei oan lege tempo-genen, hy moast noch hiel wat traine, oars waard syn flecht in flop. Syn \u00e2ldste broer bleau leaver leech, hy [&hellip;]<\/p>\n","protected":false},"author":1,"featured_media":0,"comment_status":"closed","ping_status":"closed","sticky":false,"template":"","format":"standard","meta":{"footnotes":""},"categories":[3],"tags":[],"class_list":["post-2125","post","type-post","status-publish","format-standard","hentry","category-lyrysk-deiboek"],"_links":{"self":[{"href":"https:\/\/tjerkstra.com\/wordpress\/wp-json\/wp\/v2\/posts\/2125","targetHints":{"allow":["GET"]}}],"collection":[{"href":"https:\/\/tjerkstra.com\/wordpress\/wp-json\/wp\/v2\/posts"}],"about":[{"href":"https:\/\/tjerkstra.com\/wordpress\/wp-json\/wp\/v2\/types\/post"}],"author":[{"embeddable":true,"href":"https:\/\/tjerkstra.com\/wordpress\/wp-json\/wp\/v2\/users\/1"}],"replies":[{"embeddable":true,"href":"https:\/\/tjerkstra.com\/wordpress\/wp-json\/wp\/v2\/comments?post=2125"}],"version-history":[{"count":1,"href":"https:\/\/tjerkstra.com\/wordpress\/wp-json\/wp\/v2\/posts\/2125\/revisions"}],"predecessor-version":[{"id":2126,"href":"https:\/\/tjerkstra.com\/wordpress\/wp-json\/wp\/v2\/posts\/2125\/revisions\/2126"}],"wp:attachment":[{"href":"https:\/\/tjerkstra.com\/wordpress\/wp-json\/wp\/v2\/media?parent=2125"}],"wp:term":[{"taxonomy":"category","embeddable":true,"href":"https:\/\/tjerkstra.com\/wordpress\/wp-json\/wp\/v2\/categories?post=2125"},{"taxonomy":"post_tag","embeddable":true,"href":"https:\/\/tjerkstra.com\/wordpress\/wp-json\/wp\/v2\/tags?post=2125"}],"curies":[{"name":"wp","href":"https:\/\/api.w.org\/{rel}","templated":true}]}}