{"id":21240,"date":"2023-07-05T15:44:03","date_gmt":"2023-07-05T15:44:03","guid":{"rendered":"https:\/\/tjerkstra.com\/wordpress\/?p=21240"},"modified":"2023-07-05T15:44:41","modified_gmt":"2023-07-05T15:44:41","slug":"tekenje-en-lizze","status":"publish","type":"post","link":"https:\/\/tjerkstra.com\/wordpress\/bibelbylden\/tekenje-en-lizze\/","title":{"rendered":"Tekenje en lizze"},"content":{"rendered":"\n<figure class=\"wp-block-image size-full is-style-default\"><img loading=\"lazy\" decoding=\"async\" width=\"228\" height=\"221\" src=\"https:\/\/tjerkstra.com\/wordpress\/wp-content\/uploads\/2023\/07\/Klaaitegel.jpg\" alt=\"\" class=\"wp-image-21242\" srcset=\"https:\/\/tjerkstra.com\/wordpress\/wp-content\/uploads\/2023\/07\/Klaaitegel.jpg 228w, https:\/\/tjerkstra.com\/wordpress\/wp-content\/uploads\/2023\/07\/Klaaitegel-73x71.jpg 73w\" sizes=\"auto, (max-width: 228px) 100vw, 228px\" \/><\/figure>\n\n\n\n<p><em>fan \u00fbnbekend*<\/em><br>Ezechi\u00ebl<em><br><\/em><br>Minskesoan, nim farske klaai<br>en meitsje d\u00ear in tegel fan,<br>tekenje Jeruzalem d\u00earop<br>mei sk\u00e2ns en legerkampen<br>as it teken fan belegering;<br>in bakplaat sil in muorre w\u00eaze<br>hurd as izer tusken My en \u2019t folk,<br>kear dyn gesicht dan nei de st\u00ead,<br>in st\u00ead fan rampen.<br><br>Minskesoan, jou dy dan del<br>en draach de \u00fbngerjochtichheid<br>fan de minsken yn hiel Israel<br>&#8211; de jierren wurde dagen &#8211;<br>op \u2019e linkerside silst dat dwaan,<br>kear dy dan om, de rjochterside<br>stelt it \u00fbnrjocht fan hiel Juda foar;<br>sa sil myn folk de swierte fan<br>de rampen drage.<br><br><em>Yllustraasje \u2018Klaaitegel\u2019<br><\/em>\u00a0<\/p>\n","protected":false},"excerpt":{"rendered":"<p>fan \u00fbnbekend*Ezechi\u00eblMinskesoan, nim farske klaaien meitsje d\u00ear in tegel fan,tekenje Jeruzalem d\u00earopmei sk\u00e2ns en legerkampenas it teken fan belegering;in bakplaat sil in muorre w\u00eazehurd as izer tusken My en \u2019t folk,kear dyn gesicht dan nei de st\u00ead,in st\u00ead fan rampen. Minskesoan, jou dy dan delen draach de \u00fbngerjochtichheidfan de minsken yn hiel Israel&#8211; de jierren [&hellip;]<\/p>\n","protected":false},"author":1,"featured_media":0,"comment_status":"closed","ping_status":"closed","sticky":false,"template":"","format":"standard","meta":{"footnotes":""},"categories":[4],"tags":[],"class_list":["post-21240","post","type-post","status-publish","format-standard","hentry","category-bibelbylden"],"_links":{"self":[{"href":"https:\/\/tjerkstra.com\/wordpress\/wp-json\/wp\/v2\/posts\/21240","targetHints":{"allow":["GET"]}}],"collection":[{"href":"https:\/\/tjerkstra.com\/wordpress\/wp-json\/wp\/v2\/posts"}],"about":[{"href":"https:\/\/tjerkstra.com\/wordpress\/wp-json\/wp\/v2\/types\/post"}],"author":[{"embeddable":true,"href":"https:\/\/tjerkstra.com\/wordpress\/wp-json\/wp\/v2\/users\/1"}],"replies":[{"embeddable":true,"href":"https:\/\/tjerkstra.com\/wordpress\/wp-json\/wp\/v2\/comments?post=21240"}],"version-history":[{"count":3,"href":"https:\/\/tjerkstra.com\/wordpress\/wp-json\/wp\/v2\/posts\/21240\/revisions"}],"predecessor-version":[{"id":21244,"href":"https:\/\/tjerkstra.com\/wordpress\/wp-json\/wp\/v2\/posts\/21240\/revisions\/21244"}],"wp:attachment":[{"href":"https:\/\/tjerkstra.com\/wordpress\/wp-json\/wp\/v2\/media?parent=21240"}],"wp:term":[{"taxonomy":"category","embeddable":true,"href":"https:\/\/tjerkstra.com\/wordpress\/wp-json\/wp\/v2\/categories?post=21240"},{"taxonomy":"post_tag","embeddable":true,"href":"https:\/\/tjerkstra.com\/wordpress\/wp-json\/wp\/v2\/tags?post=21240"}],"curies":[{"name":"wp","href":"https:\/\/api.w.org\/{rel}","templated":true}]}}