{"id":21236,"date":"2023-07-04T17:31:14","date_gmt":"2023-07-04T17:31:14","guid":{"rendered":"https:\/\/tjerkstra.com\/wordpress\/?p=21236"},"modified":"2023-07-04T17:31:14","modified_gmt":"2023-07-04T17:31:14","slug":"gekleurd-bestaan","status":"publish","type":"post","link":"https:\/\/tjerkstra.com\/wordpress\/jereims\/gekleurd-bestaan\/","title":{"rendered":"Gekleurd bestaan"},"content":{"rendered":"\n<figure class=\"wp-block-image size-large is-style-default\"><img loading=\"lazy\" decoding=\"async\" width=\"600\" height=\"348\" src=\"https:\/\/tjerkstra.com\/wordpress\/wp-content\/uploads\/2023\/07\/Frederic-3-600x348.jpg\" alt=\"\" class=\"wp-image-21238\" srcset=\"https:\/\/tjerkstra.com\/wordpress\/wp-content\/uploads\/2023\/07\/Frederic-3-600x348.jpg 600w, https:\/\/tjerkstra.com\/wordpress\/wp-content\/uploads\/2023\/07\/Frederic-3-300x174.jpg 300w, https:\/\/tjerkstra.com\/wordpress\/wp-content\/uploads\/2023\/07\/Frederic-3-768x445.jpg 768w, https:\/\/tjerkstra.com\/wordpress\/wp-content\/uploads\/2023\/07\/Frederic-3-1536x891.jpg 1536w, https:\/\/tjerkstra.com\/wordpress\/wp-content\/uploads\/2023\/07\/Frederic-3-590x342.jpg 590w, https:\/\/tjerkstra.com\/wordpress\/wp-content\/uploads\/2023\/07\/Frederic-3-102x59.jpg 102w, https:\/\/tjerkstra.com\/wordpress\/wp-content\/uploads\/2023\/07\/Frederic-3.jpg 1800w\" sizes=\"auto, (max-width: 600px) 100vw, 600px\" \/><\/figure>\n\n\n\n<p><em>van L\u00e9on Fr\u00e9d\u00e9ric*<br><\/em><br>Zij zit, beeldt uit de moeder<br>van zeven meisjes in de groei<br>die van geen ander leven weten<br>dan samen bidden voor het eten.<br><br>De toren in de verte<br>roept ieder regelmatig op<br>om God te danken voor de bloemen,<br>zijn naam moet men eerbiedig noemen.<br><br>Zij geven kleur aan \u2019t leven<br>dat grijs en zwart naar voren komt<br>als teken van de zware tijden<br>zoals de ouden zuchtend zeiden.<br><br>De jongen moeten zeker weten<br>dat God stuurt met een vaste hand<br>de mensen over goede wegen<br>met zicht op bloemen hun tot zegen.<br><br>Dus meiden, laat met je gezicht nu<br>zien dat het is de moeite waard<br>om voor de schilder te poseren<br>al sta je in grijs-zwarte kleren.<br><br><em>* L\u00e9on Fr\u00e9d\u00e9ric (1856-1940)<br>Schilderij \u2018De meisjes\u2019<\/em><\/p>\n","protected":false},"excerpt":{"rendered":"<p>van L\u00e9on Fr\u00e9d\u00e9ric*Zij zit, beeldt uit de moedervan zeven meisjes in de groeidie van geen ander leven wetendan samen bidden voor het eten. De toren in de verteroept ieder regelmatig opom God te danken voor de bloemen,zijn naam moet men eerbiedig noemen. Zij geven kleur aan \u2019t levendat grijs en zwart naar voren komtals teken [&hellip;]<\/p>\n","protected":false},"author":1,"featured_media":0,"comment_status":"closed","ping_status":"closed","sticky":false,"template":"","format":"standard","meta":{"footnotes":""},"categories":[5],"tags":[],"class_list":["post-21236","post","type-post","status-publish","format-standard","hentry","category-jereims"],"_links":{"self":[{"href":"https:\/\/tjerkstra.com\/wordpress\/wp-json\/wp\/v2\/posts\/21236","targetHints":{"allow":["GET"]}}],"collection":[{"href":"https:\/\/tjerkstra.com\/wordpress\/wp-json\/wp\/v2\/posts"}],"about":[{"href":"https:\/\/tjerkstra.com\/wordpress\/wp-json\/wp\/v2\/types\/post"}],"author":[{"embeddable":true,"href":"https:\/\/tjerkstra.com\/wordpress\/wp-json\/wp\/v2\/users\/1"}],"replies":[{"embeddable":true,"href":"https:\/\/tjerkstra.com\/wordpress\/wp-json\/wp\/v2\/comments?post=21236"}],"version-history":[{"count":2,"href":"https:\/\/tjerkstra.com\/wordpress\/wp-json\/wp\/v2\/posts\/21236\/revisions"}],"predecessor-version":[{"id":21239,"href":"https:\/\/tjerkstra.com\/wordpress\/wp-json\/wp\/v2\/posts\/21236\/revisions\/21239"}],"wp:attachment":[{"href":"https:\/\/tjerkstra.com\/wordpress\/wp-json\/wp\/v2\/media?parent=21236"}],"wp:term":[{"taxonomy":"category","embeddable":true,"href":"https:\/\/tjerkstra.com\/wordpress\/wp-json\/wp\/v2\/categories?post=21236"},{"taxonomy":"post_tag","embeddable":true,"href":"https:\/\/tjerkstra.com\/wordpress\/wp-json\/wp\/v2\/tags?post=21236"}],"curies":[{"name":"wp","href":"https:\/\/api.w.org\/{rel}","templated":true}]}}