{"id":2123,"date":"2016-10-08T19:06:19","date_gmt":"2016-10-08T19:06:19","guid":{"rendered":"http:\/\/www.tjerkstra.com\/wordpress\/?p=2123"},"modified":"2016-10-08T19:06:19","modified_gmt":"2016-10-08T19:06:19","slug":"oerstekke","status":"publish","type":"post","link":"https:\/\/tjerkstra.com\/wordpress\/lyrysk-deiboek\/oerstekke\/","title":{"rendered":"Oerstekke"},"content":{"rendered":"<table class=\"contentpaneopen\">\n<tbody>\n<tr>\n<td class=\"contentheading\" width=\"100%\"><\/td>\n<td class=\"buttonheading\" align=\"right\" width=\"100%\"><a title=\"PDF\"> <img decoding=\"async\" src=\"http:\/\/www.tjerkstra.com\/images\/M_images\/pdf_button.png\" alt=\"PDF\" name=\"image\" align=\"middle\" border=\"0\" \/> <\/a><\/td>\n<td class=\"buttonheading\" align=\"right\" width=\"100%\"><a title=\"Print\"> <img decoding=\"async\" src=\"http:\/\/www.tjerkstra.com\/images\/M_images\/printButton.png\" alt=\"Print\" name=\"image\" align=\"middle\" border=\"0\" \/> <\/a><\/td>\n<td class=\"buttonheading\" align=\"right\" width=\"100%\"><a title=\"E-mail\"> <img decoding=\"async\" src=\"http:\/\/www.tjerkstra.com\/images\/M_images\/emailButton.png\" alt=\"E-mail\" name=\"image\" align=\"middle\" border=\"0\" \/> <\/a><\/td>\n<\/tr>\n<\/tbody>\n<\/table>\n<table class=\"contentpaneopen\">\n<tbody>\n<tr>\n<td colspan=\"2\" valign=\"top\">It wetter l\u00fbkt it minskdom oan<br \/>\nom \u00fat &#8216;e tiid te brekken<br \/>\nfan altyd wer dyselde moarn<br \/>\nom nei de j\u00fbn te stekken&#8230;<br \/>\nd\u00eartusken leit de dei bestoarn.<\/p>\n<p><img loading=\"lazy\" decoding=\"async\" title=\"Image\" src=\"http:\/\/www.tjerkstra.com\/images\/stories\/deiboek2\/ynternet100_4970.jpg\" alt=\"Image\" width=\"450\" height=\"338\" border=\"0\" hspace=\"6\" \/><\/p>\n<p>It kin net s\u00fbnder \u00fbnderdak<br \/>\nom jierrenlang te driuwen,<br \/>\ndus siket it in gaadlik plak<br \/>\nom by de w\u00e2l te bliuwen&#8230;<br \/>\nyn &#8217;t lizzen fynt it syn gerak.<\/p>\n<p>Wa&#8217;t nei de oare kant ta wol<br \/>\nom &#8217;t aventoer te finen,<br \/>\ndy br\u00fbst mei skip en h\u00fbs en al<br \/>\nom&#8217;t alle weagen skine&#8230;<br \/>\nde dagen binne mear as fol.<\/p>\n<p><img loading=\"lazy\" decoding=\"async\" title=\"Image\" src=\"http:\/\/www.tjerkstra.com\/images\/stories\/deiboek2\/ynternet100_5182.jpg\" alt=\"Image\" width=\"450\" height=\"338\" border=\"0\" hspace=\"6\" \/><\/td>\n<\/tr>\n<\/tbody>\n<\/table>\n","protected":false},"excerpt":{"rendered":"<p>It wetter l\u00fbkt it minskdom oan om \u00fat &#8216;e tiid te brekken fan altyd wer dyselde moarn om nei de j\u00fbn te stekken&#8230; d\u00eartusken leit de dei bestoarn. It kin net s\u00fbnder \u00fbnderdak om jierrenlang te driuwen, dus siket it in gaadlik plak om by de w\u00e2l te bliuwen&#8230; yn &#8217;t lizzen fynt it syn [&hellip;]<\/p>\n","protected":false},"author":1,"featured_media":0,"comment_status":"closed","ping_status":"closed","sticky":false,"template":"","format":"standard","meta":{"footnotes":""},"categories":[3],"tags":[],"class_list":["post-2123","post","type-post","status-publish","format-standard","hentry","category-lyrysk-deiboek"],"_links":{"self":[{"href":"https:\/\/tjerkstra.com\/wordpress\/wp-json\/wp\/v2\/posts\/2123","targetHints":{"allow":["GET"]}}],"collection":[{"href":"https:\/\/tjerkstra.com\/wordpress\/wp-json\/wp\/v2\/posts"}],"about":[{"href":"https:\/\/tjerkstra.com\/wordpress\/wp-json\/wp\/v2\/types\/post"}],"author":[{"embeddable":true,"href":"https:\/\/tjerkstra.com\/wordpress\/wp-json\/wp\/v2\/users\/1"}],"replies":[{"embeddable":true,"href":"https:\/\/tjerkstra.com\/wordpress\/wp-json\/wp\/v2\/comments?post=2123"}],"version-history":[{"count":1,"href":"https:\/\/tjerkstra.com\/wordpress\/wp-json\/wp\/v2\/posts\/2123\/revisions"}],"predecessor-version":[{"id":2124,"href":"https:\/\/tjerkstra.com\/wordpress\/wp-json\/wp\/v2\/posts\/2123\/revisions\/2124"}],"wp:attachment":[{"href":"https:\/\/tjerkstra.com\/wordpress\/wp-json\/wp\/v2\/media?parent=2123"}],"wp:term":[{"taxonomy":"category","embeddable":true,"href":"https:\/\/tjerkstra.com\/wordpress\/wp-json\/wp\/v2\/categories?post=2123"},{"taxonomy":"post_tag","embeddable":true,"href":"https:\/\/tjerkstra.com\/wordpress\/wp-json\/wp\/v2\/tags?post=2123"}],"curies":[{"name":"wp","href":"https:\/\/api.w.org\/{rel}","templated":true}]}}