{"id":21219,"date":"2023-07-01T16:43:48","date_gmt":"2023-07-01T16:43:48","guid":{"rendered":"https:\/\/tjerkstra.com\/wordpress\/?p=21219"},"modified":"2023-07-01T16:43:48","modified_gmt":"2023-07-01T16:43:48","slug":"oerein-foar-t-wurd","status":"publish","type":"post","link":"https:\/\/tjerkstra.com\/wordpress\/bibelbylden\/oerein-foar-t-wurd\/","title":{"rendered":"Oerein foar &#8217;t wurd"},"content":{"rendered":"\n<figure class=\"wp-block-image size-full is-style-default\"><img loading=\"lazy\" decoding=\"async\" width=\"450\" height=\"300\" src=\"https:\/\/tjerkstra.com\/wordpress\/wp-content\/uploads\/2023\/07\/Ezechiel-4.webp\" alt=\"\" class=\"wp-image-21221\" srcset=\"https:\/\/tjerkstra.com\/wordpress\/wp-content\/uploads\/2023\/07\/Ezechiel-4.webp 450w, https:\/\/tjerkstra.com\/wordpress\/wp-content\/uploads\/2023\/07\/Ezechiel-4-300x200.webp 300w, https:\/\/tjerkstra.com\/wordpress\/wp-content\/uploads\/2023\/07\/Ezechiel-4-102x68.webp 102w\" sizes=\"auto, (max-width: 450px) 100vw, 450px\" \/><\/figure>\n\n\n\n<p><em>fan \u00fbnbekend*<br><\/em><br>Warsk\u00f4ge wie ik troch de Heare,<br>mar ik wist net wat te dwaan,<br>hoe kaam ik libben wer oerein<br>en koe al it ferkearde keare?<br><br>In h\u00e2n fernaam ik, \u2019t wie de Heare<br>dy\u2019t my wat te sizzen hie:<br>\u2018Oerein, profeet, de delling yn,<br>d\u00ear sil Ik dy watst dwaan moatst leare.\u2019<br><br>Ik seach de gloarje fan de Heare<br>yn de delling en foel del,<br>in geast yn my holp my oerein:<br>\u2018Do moatst dyn ear nei boppen keare.\u2019<br><br>Ik hearde doe de Heare sizzen:<br>\u2018Sl\u00fat dy yn dyn wente op,<br>d\u00ear wurdsto stiif mei bannen b\u00fbn,<br>bliuwst s\u00fbnder oanspraak machtleas lizzen.\u2019<br><br>Myn tonge koe \u2019k net mear bewege,<br>mar doe spriek de Hear my oan:<br>\u2018Dyn m\u00fble sit net mear op slot,<br>sprek oan it folk op al syn wegen.\u2019<br><br><em>* Foto \u2018H\u00e2n \u00fat \u2019e hichte\u2019<br><\/em><br><br><\/p>\n","protected":false},"excerpt":{"rendered":"<p>fan \u00fbnbekend*Warsk\u00f4ge wie ik troch de Heare,mar ik wist net wat te dwaan,hoe kaam ik libben wer oereinen koe al it ferkearde keare? In h\u00e2n fernaam ik, \u2019t wie de Hearedy\u2019t my wat te sizzen hie:\u2018Oerein, profeet, de delling yn,d\u00ear sil Ik dy watst dwaan moatst leare.\u2019 Ik seach de gloarje fan de Heareyn de [&hellip;]<\/p>\n","protected":false},"author":1,"featured_media":0,"comment_status":"closed","ping_status":"closed","sticky":false,"template":"","format":"standard","meta":{"footnotes":""},"categories":[4],"tags":[],"class_list":["post-21219","post","type-post","status-publish","format-standard","hentry","category-bibelbylden"],"_links":{"self":[{"href":"https:\/\/tjerkstra.com\/wordpress\/wp-json\/wp\/v2\/posts\/21219","targetHints":{"allow":["GET"]}}],"collection":[{"href":"https:\/\/tjerkstra.com\/wordpress\/wp-json\/wp\/v2\/posts"}],"about":[{"href":"https:\/\/tjerkstra.com\/wordpress\/wp-json\/wp\/v2\/types\/post"}],"author":[{"embeddable":true,"href":"https:\/\/tjerkstra.com\/wordpress\/wp-json\/wp\/v2\/users\/1"}],"replies":[{"embeddable":true,"href":"https:\/\/tjerkstra.com\/wordpress\/wp-json\/wp\/v2\/comments?post=21219"}],"version-history":[{"count":2,"href":"https:\/\/tjerkstra.com\/wordpress\/wp-json\/wp\/v2\/posts\/21219\/revisions"}],"predecessor-version":[{"id":21222,"href":"https:\/\/tjerkstra.com\/wordpress\/wp-json\/wp\/v2\/posts\/21219\/revisions\/21222"}],"wp:attachment":[{"href":"https:\/\/tjerkstra.com\/wordpress\/wp-json\/wp\/v2\/media?parent=21219"}],"wp:term":[{"taxonomy":"category","embeddable":true,"href":"https:\/\/tjerkstra.com\/wordpress\/wp-json\/wp\/v2\/categories?post=21219"},{"taxonomy":"post_tag","embeddable":true,"href":"https:\/\/tjerkstra.com\/wordpress\/wp-json\/wp\/v2\/tags?post=21219"}],"curies":[{"name":"wp","href":"https:\/\/api.w.org\/{rel}","templated":true}]}}