{"id":21200,"date":"2023-06-28T17:13:30","date_gmt":"2023-06-28T17:13:30","guid":{"rendered":"https:\/\/tjerkstra.com\/wordpress\/?p=21200"},"modified":"2023-06-29T15:44:49","modified_gmt":"2023-06-29T15:44:49","slug":"ezechiel-as-wachter","status":"publish","type":"post","link":"https:\/\/tjerkstra.com\/wordpress\/bibelbylden\/ezechiel-as-wachter\/","title":{"rendered":"Ezechi\u00ebl as wachter"},"content":{"rendered":"\n<figure class=\"wp-block-image size-full is-style-default\"><img loading=\"lazy\" decoding=\"async\" width=\"600\" height=\"401\" src=\"https:\/\/tjerkstra.com\/wordpress\/wp-content\/uploads\/2023\/06\/Wacht.webp\" alt=\"\" class=\"wp-image-21204\" srcset=\"https:\/\/tjerkstra.com\/wordpress\/wp-content\/uploads\/2023\/06\/Wacht.webp 600w, https:\/\/tjerkstra.com\/wordpress\/wp-content\/uploads\/2023\/06\/Wacht-300x201.webp 300w, https:\/\/tjerkstra.com\/wordpress\/wp-content\/uploads\/2023\/06\/Wacht-524x350.webp 524w, https:\/\/tjerkstra.com\/wordpress\/wp-content\/uploads\/2023\/06\/Wacht-102x68.webp 102w\" sizes=\"auto, (max-width: 600px) 100vw, 600px\" \/><\/figure>\n\n\n\n<p><em>fan \u00fbnbekend*<\/em><br>Ezechi\u00ebl<em><br><\/em><br>Doe\u2019t de Hear my r\u00f4p as wachter,<br>tocht ik dat ik it krekt wist:<br>wachth\u00e2lde oer \u2019t ferballe folk,<br>mar wat ik doe alhiel net wist,<br>d\u00ear kaam ik al gau achter:<br><br>Tsjin de goddeleaze sizze<br>dat er God de eare jout,<br>warsk\u00f4gje ik him lykwols net,<br>dan moat ik oer wat ik net die<br>ferantwurding \u00f4flizze.<br><br>Unrjocht kin God net ferneare<br>fan in man dy\u2019t eartiids rjocht<br>die, dat ik moast ek nei him ta,<br>warsk\u00f4gje dat er \u00fbnrjocht docht<br>en oanjaan om te kearen.<br><br>No bin ik derachter kommen<br>dat in wachter witte moat<br>dat hy ek skuldich w\u00eaze kin<br>as hy net docht wat hy dwaan moat,<br>syn plicht hat er fersomme.<br><br><em>* Edwin Schulte<br>Byld \u2018Wachter\u2019<br><\/em><br><br><\/p>\n","protected":false},"excerpt":{"rendered":"<p>fan \u00fbnbekend*Ezechi\u00eblDoe\u2019t de Hear my r\u00f4p as wachter,tocht ik dat ik it krekt wist:wachth\u00e2lde oer \u2019t ferballe folk,mar wat ik doe alhiel net wist,d\u00ear kaam ik al gau achter: Tsjin de goddeleaze sizzedat er God de eare jout,warsk\u00f4gje ik him lykwols net,dan moat ik oer wat ik net dieferantwurding \u00f4flizze. Unrjocht kin God net fernearefan [&hellip;]<\/p>\n","protected":false},"author":1,"featured_media":0,"comment_status":"closed","ping_status":"closed","sticky":false,"template":"","format":"standard","meta":{"footnotes":""},"categories":[4],"tags":[],"class_list":["post-21200","post","type-post","status-publish","format-standard","hentry","category-bibelbylden"],"_links":{"self":[{"href":"https:\/\/tjerkstra.com\/wordpress\/wp-json\/wp\/v2\/posts\/21200","targetHints":{"allow":["GET"]}}],"collection":[{"href":"https:\/\/tjerkstra.com\/wordpress\/wp-json\/wp\/v2\/posts"}],"about":[{"href":"https:\/\/tjerkstra.com\/wordpress\/wp-json\/wp\/v2\/types\/post"}],"author":[{"embeddable":true,"href":"https:\/\/tjerkstra.com\/wordpress\/wp-json\/wp\/v2\/users\/1"}],"replies":[{"embeddable":true,"href":"https:\/\/tjerkstra.com\/wordpress\/wp-json\/wp\/v2\/comments?post=21200"}],"version-history":[{"count":3,"href":"https:\/\/tjerkstra.com\/wordpress\/wp-json\/wp\/v2\/posts\/21200\/revisions"}],"predecessor-version":[{"id":21206,"href":"https:\/\/tjerkstra.com\/wordpress\/wp-json\/wp\/v2\/posts\/21200\/revisions\/21206"}],"wp:attachment":[{"href":"https:\/\/tjerkstra.com\/wordpress\/wp-json\/wp\/v2\/media?parent=21200"}],"wp:term":[{"taxonomy":"category","embeddable":true,"href":"https:\/\/tjerkstra.com\/wordpress\/wp-json\/wp\/v2\/categories?post=21200"},{"taxonomy":"post_tag","embeddable":true,"href":"https:\/\/tjerkstra.com\/wordpress\/wp-json\/wp\/v2\/tags?post=21200"}],"curies":[{"name":"wp","href":"https:\/\/api.w.org\/{rel}","templated":true}]}}