{"id":21191,"date":"2023-06-27T17:52:24","date_gmt":"2023-06-27T17:52:24","guid":{"rendered":"https:\/\/tjerkstra.com\/wordpress\/?p=21191"},"modified":"2023-06-27T17:52:24","modified_gmt":"2023-06-27T17:52:24","slug":"hecht-gezinsdeel","status":"publish","type":"post","link":"https:\/\/tjerkstra.com\/wordpress\/jereims\/hecht-gezinsdeel\/","title":{"rendered":"Hecht gezinsdeel"},"content":{"rendered":"\n<figure class=\"wp-block-image size-large is-style-default\"><img loading=\"lazy\" decoding=\"async\" width=\"600\" height=\"344\" src=\"https:\/\/tjerkstra.com\/wordpress\/wp-content\/uploads\/2023\/06\/Frederic-2-600x344.jpg\" alt=\"\" class=\"wp-image-21193\" srcset=\"https:\/\/tjerkstra.com\/wordpress\/wp-content\/uploads\/2023\/06\/Frederic-2-600x344.jpg 600w, https:\/\/tjerkstra.com\/wordpress\/wp-content\/uploads\/2023\/06\/Frederic-2-300x172.jpg 300w, https:\/\/tjerkstra.com\/wordpress\/wp-content\/uploads\/2023\/06\/Frederic-2-768x441.jpg 768w, https:\/\/tjerkstra.com\/wordpress\/wp-content\/uploads\/2023\/06\/Frederic-2-1536x882.jpg 1536w, https:\/\/tjerkstra.com\/wordpress\/wp-content\/uploads\/2023\/06\/Frederic-2-2048x1176.jpg 2048w, https:\/\/tjerkstra.com\/wordpress\/wp-content\/uploads\/2023\/06\/Frederic-2-590x339.jpg 590w, https:\/\/tjerkstra.com\/wordpress\/wp-content\/uploads\/2023\/06\/Frederic-2-102x59.jpg 102w\" sizes=\"auto, (max-width: 600px) 100vw, 600px\" \/><\/figure>\n\n\n\n<p><em>van L\u00e9on Fr\u00e9d\u00e9ric*<br><\/em><br>Daar staan zij hand in hand<br>en armen om de schouders,<br>zonen uit een hecht gezin,<br>zij zien alleen vandaag maar aan,<br>want zicht op morgen heeft geen zin.<br><br>Daar zit de oudste, nog<br>geen vader, maar wel ernstig<br>met het zicht op een bestaan<br>van dubbel werk, eerst op het land,<br>dan het gezin\u2026 hoeveel te gaan?<br><br>Ziedaar de tweede met<br>zijn handen als bescherming,<br>broer voor broertjes, voor elkaar<br>de jongens met een sterk bestaan,<br>hij laat het zien met zijn gebaar.<br><br>Zij hoort niet bij de groep,<br>maar wilde met haar broertje<br>mee, dus staan zij hand in hand<br>met achter hen de grote broer,<br>hij houdt vandaag dit deel in stand.<br><br><em>* L\u00e9on Fr\u00e9d\u00e9ric (1856-1940)<br>Schilderij \u2018De jongens\u2019<\/em><\/p>\n","protected":false},"excerpt":{"rendered":"<p>van L\u00e9on Fr\u00e9d\u00e9ric*Daar staan zij hand in handen armen om de schouders,zonen uit een hecht gezin,zij zien alleen vandaag maar aan,want zicht op morgen heeft geen zin. Daar zit de oudste, noggeen vader, maar wel ernstigmet het zicht op een bestaanvan dubbel werk, eerst op het land,dan het gezin\u2026 hoeveel te gaan? Ziedaar de tweede [&hellip;]<\/p>\n","protected":false},"author":1,"featured_media":0,"comment_status":"closed","ping_status":"closed","sticky":false,"template":"","format":"standard","meta":{"footnotes":""},"categories":[5],"tags":[],"class_list":["post-21191","post","type-post","status-publish","format-standard","hentry","category-jereims"],"_links":{"self":[{"href":"https:\/\/tjerkstra.com\/wordpress\/wp-json\/wp\/v2\/posts\/21191","targetHints":{"allow":["GET"]}}],"collection":[{"href":"https:\/\/tjerkstra.com\/wordpress\/wp-json\/wp\/v2\/posts"}],"about":[{"href":"https:\/\/tjerkstra.com\/wordpress\/wp-json\/wp\/v2\/types\/post"}],"author":[{"embeddable":true,"href":"https:\/\/tjerkstra.com\/wordpress\/wp-json\/wp\/v2\/users\/1"}],"replies":[{"embeddable":true,"href":"https:\/\/tjerkstra.com\/wordpress\/wp-json\/wp\/v2\/comments?post=21191"}],"version-history":[{"count":2,"href":"https:\/\/tjerkstra.com\/wordpress\/wp-json\/wp\/v2\/posts\/21191\/revisions"}],"predecessor-version":[{"id":21194,"href":"https:\/\/tjerkstra.com\/wordpress\/wp-json\/wp\/v2\/posts\/21191\/revisions\/21194"}],"wp:attachment":[{"href":"https:\/\/tjerkstra.com\/wordpress\/wp-json\/wp\/v2\/media?parent=21191"}],"wp:term":[{"taxonomy":"category","embeddable":true,"href":"https:\/\/tjerkstra.com\/wordpress\/wp-json\/wp\/v2\/categories?post=21191"},{"taxonomy":"post_tag","embeddable":true,"href":"https:\/\/tjerkstra.com\/wordpress\/wp-json\/wp\/v2\/tags?post=21191"}],"curies":[{"name":"wp","href":"https:\/\/api.w.org\/{rel}","templated":true}]}}