{"id":21187,"date":"2023-06-26T16:45:18","date_gmt":"2023-06-26T16:45:18","guid":{"rendered":"https:\/\/tjerkstra.com\/wordpress\/?p=21187"},"modified":"2023-06-26T16:45:18","modified_gmt":"2023-06-26T16:45:18","slug":"rom-nei-de-maraton","status":"publish","type":"post","link":"https:\/\/tjerkstra.com\/wordpress\/lyrysk-deiboek\/rom-nei-de-maraton\/","title":{"rendered":"Rom nei de maraton"},"content":{"rendered":"\n<figure class=\"wp-block-image size-large is-style-default\"><img loading=\"lazy\" decoding=\"async\" width=\"600\" height=\"400\" src=\"https:\/\/tjerkstra.com\/wordpress\/wp-content\/uploads\/2023\/06\/P1100087-600x400.jpg\" alt=\"\" class=\"wp-image-21189\" srcset=\"https:\/\/tjerkstra.com\/wordpress\/wp-content\/uploads\/2023\/06\/P1100087-600x400.jpg 600w, https:\/\/tjerkstra.com\/wordpress\/wp-content\/uploads\/2023\/06\/P1100087-300x200.jpg 300w, https:\/\/tjerkstra.com\/wordpress\/wp-content\/uploads\/2023\/06\/P1100087-768x512.jpg 768w, https:\/\/tjerkstra.com\/wordpress\/wp-content\/uploads\/2023\/06\/P1100087-1536x1024.jpg 1536w, https:\/\/tjerkstra.com\/wordpress\/wp-content\/uploads\/2023\/06\/P1100087-2048x1365.jpg 2048w, https:\/\/tjerkstra.com\/wordpress\/wp-content\/uploads\/2023\/06\/P1100087-525x350.jpg 525w, https:\/\/tjerkstra.com\/wordpress\/wp-content\/uploads\/2023\/06\/P1100087-102x68.jpg 102w\" sizes=\"auto, (max-width: 600px) 100vw, 600px\" \/><\/figure>\n\n\n\n<p><br>Noch kleurje pompebl\u00eaden read<br>en tsj\u00fbget wyt-blau fan de mar<br>dy\u2019t middeis blonk yn \u2019t sinneljocht,<br>de rige r\u00fbn massaal r\u00fbnom<br>yn Snits syn maraton.<br><br>Mar rint de middei nei de j\u00fbn,<br>dan is de inkeling oan bar<br>dy\u2019t siket nei syn eigen grins<br>mei op \u2019e lippen \u2019t wurge skom&#8230;<br>de rappe maraton.<br><br>Hy draaft allinnich as wie \u2019t neat,<br>want oant de boaiem is syn kar,<br>de h\u00e2n omheech foar mar ien fan,<br>want fierder bliuwt it r\u00fbnom stom&#8230;<br>syn stille maraton.<br><br>Mar oan de ein hat hy oerw\u00fbn<br>syn wurgens, al wie \u2019t fierste bar<br>om oer de eigen grins te gean,<br>dochs bliuwt foar him oerein de rom<br>nei Snits syn maraton.<br><br><br><\/p>\n","protected":false},"excerpt":{"rendered":"<p>Noch kleurje pompebl\u00eaden readen tsj\u00fbget wyt-blau fan de mardy\u2019t middeis blonk yn \u2019t sinneljocht,de rige r\u00fbn massaal r\u00fbnomyn Snits syn maraton. Mar rint de middei nei de j\u00fbn,dan is de inkeling oan bardy\u2019t siket nei syn eigen grinsmei op \u2019e lippen \u2019t wurge skom&#8230;de rappe maraton. Hy draaft allinnich as wie \u2019t neat,want oant de [&hellip;]<\/p>\n","protected":false},"author":1,"featured_media":0,"comment_status":"closed","ping_status":"closed","sticky":false,"template":"","format":"standard","meta":{"footnotes":""},"categories":[3],"tags":[],"class_list":["post-21187","post","type-post","status-publish","format-standard","hentry","category-lyrysk-deiboek"],"_links":{"self":[{"href":"https:\/\/tjerkstra.com\/wordpress\/wp-json\/wp\/v2\/posts\/21187","targetHints":{"allow":["GET"]}}],"collection":[{"href":"https:\/\/tjerkstra.com\/wordpress\/wp-json\/wp\/v2\/posts"}],"about":[{"href":"https:\/\/tjerkstra.com\/wordpress\/wp-json\/wp\/v2\/types\/post"}],"author":[{"embeddable":true,"href":"https:\/\/tjerkstra.com\/wordpress\/wp-json\/wp\/v2\/users\/1"}],"replies":[{"embeddable":true,"href":"https:\/\/tjerkstra.com\/wordpress\/wp-json\/wp\/v2\/comments?post=21187"}],"version-history":[{"count":2,"href":"https:\/\/tjerkstra.com\/wordpress\/wp-json\/wp\/v2\/posts\/21187\/revisions"}],"predecessor-version":[{"id":21190,"href":"https:\/\/tjerkstra.com\/wordpress\/wp-json\/wp\/v2\/posts\/21187\/revisions\/21190"}],"wp:attachment":[{"href":"https:\/\/tjerkstra.com\/wordpress\/wp-json\/wp\/v2\/media?parent=21187"}],"wp:term":[{"taxonomy":"category","embeddable":true,"href":"https:\/\/tjerkstra.com\/wordpress\/wp-json\/wp\/v2\/categories?post=21187"},{"taxonomy":"post_tag","embeddable":true,"href":"https:\/\/tjerkstra.com\/wordpress\/wp-json\/wp\/v2\/tags?post=21187"}],"curies":[{"name":"wp","href":"https:\/\/api.w.org\/{rel}","templated":true}]}}