{"id":21180,"date":"2023-06-25T19:25:37","date_gmt":"2023-06-25T19:25:37","guid":{"rendered":"https:\/\/tjerkstra.com\/wordpress\/?p=21180"},"modified":"2023-06-25T19:25:37","modified_gmt":"2023-06-25T19:25:37","slug":"ear-foar-de-koloradokever","status":"publish","type":"post","link":"https:\/\/tjerkstra.com\/wordpress\/skiednisbylden\/ear-foar-de-koloradokever\/","title":{"rendered":"Ear foar de koloradokever"},"content":{"rendered":"\n<figure class=\"wp-block-image size-large is-style-default\"><img loading=\"lazy\" decoding=\"async\" width=\"600\" height=\"400\" src=\"https:\/\/tjerkstra.com\/wordpress\/wp-content\/uploads\/2023\/06\/Koloradokever-600x400.jpg\" alt=\"\" class=\"wp-image-21184\" srcset=\"https:\/\/tjerkstra.com\/wordpress\/wp-content\/uploads\/2023\/06\/Koloradokever-600x400.jpg 600w, https:\/\/tjerkstra.com\/wordpress\/wp-content\/uploads\/2023\/06\/Koloradokever-300x200.jpg 300w, https:\/\/tjerkstra.com\/wordpress\/wp-content\/uploads\/2023\/06\/Koloradokever-768x512.jpg 768w, https:\/\/tjerkstra.com\/wordpress\/wp-content\/uploads\/2023\/06\/Koloradokever-525x350.jpg 525w, https:\/\/tjerkstra.com\/wordpress\/wp-content\/uploads\/2023\/06\/Koloradokever-102x68.jpg 102w, https:\/\/tjerkstra.com\/wordpress\/wp-content\/uploads\/2023\/06\/Koloradokever.jpg 800w\" sizes=\"auto, (max-width: 600px) 100vw, 600px\" \/><\/figure>\n\n\n\n<p><em>fan \u00fbnbekend*<br><\/em><br>Koloradokever&#8230;<br>de namme klinkt as yn in liet,<br>de kleuren blinke as in skilderij,<br>it bistke docht him foar<br>as tsjinner fan \u00fas Leave Hear,<br>mar jou him net dy ear.<br><br>Hy wenne yn Amearika,<br>friet d\u00ear it fjild mei jirpelplanten keal<br>en emigrearre nei<br>Europa, d\u00ear\u2019t syn miel al klear<br>wie, mar net ta syn ear.<br><br>Syn miel, bestruid mei DDT,<br>wie oars as earder yn Amearika,<br>it smakke nei de dea,<br>de jirpels smakken doe nei mear,<br>dochs kaam der wer in kear.<br><br>Want DDT krong oeral yn,<br>it gif kaam ek yn \u2019t miel fan dier en mins,<br>wie skealik foar \u2019t miljeu,<br>it tsjinne net \u00fas Leave Hear,<br>men wie der doe mei klear.<br><br>De koloradokever kriich<br>de ear fan foarbyld fan de dea troch gif,<br>dus br\u00fbkt men dat net mear.<br><br><em>* Foto \u2018Koloradokever\u2019&nbsp;<br><br><\/em><\/p>\n","protected":false},"excerpt":{"rendered":"<p>fan \u00fbnbekend*Koloradokever&#8230;de namme klinkt as yn in liet,de kleuren blinke as in skilderij,it bistke docht him foaras tsjinner fan \u00fas Leave Hear,mar jou him net dy ear. Hy wenne yn Amearika,friet d\u00ear it fjild mei jirpelplanten kealen emigrearre neiEuropa, d\u00ear\u2019t syn miel al klearwie, mar net ta syn ear. Syn miel, bestruid mei DDT,wie oars [&hellip;]<\/p>\n","protected":false},"author":1,"featured_media":0,"comment_status":"closed","ping_status":"closed","sticky":false,"template":"","format":"standard","meta":{"footnotes":""},"categories":[9],"tags":[],"class_list":["post-21180","post","type-post","status-publish","format-standard","hentry","category-skiednisbylden"],"_links":{"self":[{"href":"https:\/\/tjerkstra.com\/wordpress\/wp-json\/wp\/v2\/posts\/21180","targetHints":{"allow":["GET"]}}],"collection":[{"href":"https:\/\/tjerkstra.com\/wordpress\/wp-json\/wp\/v2\/posts"}],"about":[{"href":"https:\/\/tjerkstra.com\/wordpress\/wp-json\/wp\/v2\/types\/post"}],"author":[{"embeddable":true,"href":"https:\/\/tjerkstra.com\/wordpress\/wp-json\/wp\/v2\/users\/1"}],"replies":[{"embeddable":true,"href":"https:\/\/tjerkstra.com\/wordpress\/wp-json\/wp\/v2\/comments?post=21180"}],"version-history":[{"count":2,"href":"https:\/\/tjerkstra.com\/wordpress\/wp-json\/wp\/v2\/posts\/21180\/revisions"}],"predecessor-version":[{"id":21185,"href":"https:\/\/tjerkstra.com\/wordpress\/wp-json\/wp\/v2\/posts\/21180\/revisions\/21185"}],"wp:attachment":[{"href":"https:\/\/tjerkstra.com\/wordpress\/wp-json\/wp\/v2\/media?parent=21180"}],"wp:term":[{"taxonomy":"category","embeddable":true,"href":"https:\/\/tjerkstra.com\/wordpress\/wp-json\/wp\/v2\/categories?post=21180"},{"taxonomy":"post_tag","embeddable":true,"href":"https:\/\/tjerkstra.com\/wordpress\/wp-json\/wp\/v2\/tags?post=21180"}],"curies":[{"name":"wp","href":"https:\/\/api.w.org\/{rel}","templated":true}]}}