{"id":21130,"date":"2023-06-15T15:31:05","date_gmt":"2023-06-15T15:31:05","guid":{"rendered":"https:\/\/tjerkstra.com\/wordpress\/?p=21130"},"modified":"2023-06-15T15:31:05","modified_gmt":"2023-06-15T15:31:05","slug":"ien-fan-de-tsien","status":"publish","type":"post","link":"https:\/\/tjerkstra.com\/wordpress\/keunst\/ien-fan-de-tsien\/","title":{"rendered":"Ien fan de tsien"},"content":{"rendered":"\n<figure class=\"wp-block-image size-large is-style-default\"><img loading=\"lazy\" decoding=\"async\" width=\"600\" height=\"401\" src=\"https:\/\/tjerkstra.com\/wordpress\/wp-content\/uploads\/2023\/06\/Elst-1-600x401.jpg\" alt=\"\" class=\"wp-image-21133\" srcset=\"https:\/\/tjerkstra.com\/wordpress\/wp-content\/uploads\/2023\/06\/Elst-1-600x401.jpg 600w, https:\/\/tjerkstra.com\/wordpress\/wp-content\/uploads\/2023\/06\/Elst-1-300x200.jpg 300w, https:\/\/tjerkstra.com\/wordpress\/wp-content\/uploads\/2023\/06\/Elst-1-768x513.jpg 768w, https:\/\/tjerkstra.com\/wordpress\/wp-content\/uploads\/2023\/06\/Elst-1-524x350.jpg 524w, https:\/\/tjerkstra.com\/wordpress\/wp-content\/uploads\/2023\/06\/Elst-1-102x68.jpg 102w, https:\/\/tjerkstra.com\/wordpress\/wp-content\/uploads\/2023\/06\/Elst-1.jpg 1104w\" sizes=\"auto, (max-width: 600px) 100vw, 600px\" \/><\/figure>\n\n\n\n<p><em>fan Hieronymus van der Elst*<\/em><br><br>In foarst soe wol tsien soannen ha,<br>mar wa wie eins de wiere<br>dy\u2019t syn plak ynnimme soe<br>as hy de holle dellei&#8230;<br>njoggen woene d\u00earop ta.<br><br>De heit lei nei ferrin fan tiid<br>de holle del, de wiere<br>wie noch net bekend, sadat<br>de troan foar wiken leech bleau,<br>d\u00earnei r\u00fbn it \u00fat op striid.<br><br>It gr\u00eaf kaam leech, mar heit syn lyk<br>koe harren net fertelle<br>wa\u2019t syn plak ynnimme soe,<br>miskien koe dat de holle,<br>kriich mei sjitten ien gelyk.<br><br>Ien fan de tsien woe dat net dwaan,<br>want hy koe wol fertelle<br>wa\u2019t foar heit de wiere wie:<br>hy liet de skeinde holle<br>sakje om him del te jaan.<br><br><em>* Hieronymus van der Elst (1600-1650)<br>Skilderij \u2018It skot op it lyk fan de kening\u2019<br><br><\/em><\/p>\n","protected":false},"excerpt":{"rendered":"<p>fan Hieronymus van der Elst* In foarst soe wol tsien soannen ha,mar wa wie eins de wieredy\u2019t syn plak ynnimme soeas hy de holle dellei&#8230;njoggen woene d\u00earop ta. De heit lei nei ferrin fan tiidde holle del, de wierewie noch net bekend, sadatde troan foar wiken leech bleau,d\u00earnei r\u00fbn it \u00fat op striid. It gr\u00eaf [&hellip;]<\/p>\n","protected":false},"author":1,"featured_media":0,"comment_status":"closed","ping_status":"closed","sticky":false,"template":"","format":"standard","meta":{"footnotes":""},"categories":[6],"tags":[],"class_list":["post-21130","post","type-post","status-publish","format-standard","hentry","category-keunst"],"_links":{"self":[{"href":"https:\/\/tjerkstra.com\/wordpress\/wp-json\/wp\/v2\/posts\/21130","targetHints":{"allow":["GET"]}}],"collection":[{"href":"https:\/\/tjerkstra.com\/wordpress\/wp-json\/wp\/v2\/posts"}],"about":[{"href":"https:\/\/tjerkstra.com\/wordpress\/wp-json\/wp\/v2\/types\/post"}],"author":[{"embeddable":true,"href":"https:\/\/tjerkstra.com\/wordpress\/wp-json\/wp\/v2\/users\/1"}],"replies":[{"embeddable":true,"href":"https:\/\/tjerkstra.com\/wordpress\/wp-json\/wp\/v2\/comments?post=21130"}],"version-history":[{"count":2,"href":"https:\/\/tjerkstra.com\/wordpress\/wp-json\/wp\/v2\/posts\/21130\/revisions"}],"predecessor-version":[{"id":21134,"href":"https:\/\/tjerkstra.com\/wordpress\/wp-json\/wp\/v2\/posts\/21130\/revisions\/21134"}],"wp:attachment":[{"href":"https:\/\/tjerkstra.com\/wordpress\/wp-json\/wp\/v2\/media?parent=21130"}],"wp:term":[{"taxonomy":"category","embeddable":true,"href":"https:\/\/tjerkstra.com\/wordpress\/wp-json\/wp\/v2\/categories?post=21130"},{"taxonomy":"post_tag","embeddable":true,"href":"https:\/\/tjerkstra.com\/wordpress\/wp-json\/wp\/v2\/tags?post=21130"}],"curies":[{"name":"wp","href":"https:\/\/api.w.org\/{rel}","templated":true}]}}