{"id":21126,"date":"2023-06-14T15:33:21","date_gmt":"2023-06-14T15:33:21","guid":{"rendered":"https:\/\/tjerkstra.com\/wordpress\/?p=21126"},"modified":"2023-06-14T15:33:21","modified_gmt":"2023-06-14T15:33:21","slug":"graasje-foar-de-dea","status":"publish","type":"post","link":"https:\/\/tjerkstra.com\/wordpress\/bibelbylden\/graasje-foar-de-dea\/","title":{"rendered":"Graasje foar de dea"},"content":{"rendered":"\n<figure class=\"wp-block-image size-full is-style-default\"><img loading=\"lazy\" decoding=\"async\" width=\"211\" height=\"238\" src=\"https:\/\/tjerkstra.com\/wordpress\/wp-content\/uploads\/2023\/06\/Ewil-Merodak.jpg\" alt=\"\" class=\"wp-image-21128\" srcset=\"https:\/\/tjerkstra.com\/wordpress\/wp-content\/uploads\/2023\/06\/Ewil-Merodak.jpg 211w, https:\/\/tjerkstra.com\/wordpress\/wp-content\/uploads\/2023\/06\/Ewil-Merodak-63x71.jpg 63w\" sizes=\"auto, (max-width: 211px) 100vw, 211px\" \/><\/figure>\n\n\n\n<p><em>fan \u00fbnbekend*<br><\/em>Jeremia<br><br>Alle minsken sille stjerre,<br>ek in kening giet dy wei,<br>Neb\u00fbkadnessar r\u00fbn itselde paad<br>al frettend gers fanwege waansin;<br>Ewil-Merodak kaam oan \u2019t bew\u00e2ld,<br>nei syn gewisse soe hy hearre.<br><br>Kening Jojakin siet finzen<br>s\u00e2nentritich jier, syn wei<br>hie west fan Juda nei in tsjuster oard<br>yn Babel, mar hy libbe, waard troch<br>alle lijen hinne dochs noch \u00e2ld,<br>hy gie sels doe wer oer de grinzen.<br><br>Ewil-Merodak joech graasje<br>oan foarst Jojakin, syn wei<br>r\u00fbn doe fan sel nei keninklik paleis,<br>hy siet by Babelsk foarst oan tafel,<br>kriich foldwaande foar syn libbens\u00fbnderh\u00e2ld,<br>it libben kriich d\u00eartroch wer faasje.<br><br><em>* Yllustraasje \u2018De graasje fan Jojakin\u2019<br><\/em><br><br><\/p>\n","protected":false},"excerpt":{"rendered":"<p>fan \u00fbnbekend*Jeremia Alle minsken sille stjerre,ek in kening giet dy wei,Neb\u00fbkadnessar r\u00fbn itselde paadal frettend gers fanwege waansin;Ewil-Merodak kaam oan \u2019t bew\u00e2ld,nei syn gewisse soe hy hearre. Kening Jojakin siet finzens\u00e2nentritich jier, syn weihie west fan Juda nei in tsjuster oardyn Babel, mar hy libbe, waard trochalle lijen hinne dochs noch \u00e2ld,hy gie sels doe [&hellip;]<\/p>\n","protected":false},"author":1,"featured_media":0,"comment_status":"closed","ping_status":"closed","sticky":false,"template":"","format":"standard","meta":{"footnotes":""},"categories":[4],"tags":[],"class_list":["post-21126","post","type-post","status-publish","format-standard","hentry","category-bibelbylden"],"_links":{"self":[{"href":"https:\/\/tjerkstra.com\/wordpress\/wp-json\/wp\/v2\/posts\/21126","targetHints":{"allow":["GET"]}}],"collection":[{"href":"https:\/\/tjerkstra.com\/wordpress\/wp-json\/wp\/v2\/posts"}],"about":[{"href":"https:\/\/tjerkstra.com\/wordpress\/wp-json\/wp\/v2\/types\/post"}],"author":[{"embeddable":true,"href":"https:\/\/tjerkstra.com\/wordpress\/wp-json\/wp\/v2\/users\/1"}],"replies":[{"embeddable":true,"href":"https:\/\/tjerkstra.com\/wordpress\/wp-json\/wp\/v2\/comments?post=21126"}],"version-history":[{"count":2,"href":"https:\/\/tjerkstra.com\/wordpress\/wp-json\/wp\/v2\/posts\/21126\/revisions"}],"predecessor-version":[{"id":21129,"href":"https:\/\/tjerkstra.com\/wordpress\/wp-json\/wp\/v2\/posts\/21126\/revisions\/21129"}],"wp:attachment":[{"href":"https:\/\/tjerkstra.com\/wordpress\/wp-json\/wp\/v2\/media?parent=21126"}],"wp:term":[{"taxonomy":"category","embeddable":true,"href":"https:\/\/tjerkstra.com\/wordpress\/wp-json\/wp\/v2\/categories?post=21126"},{"taxonomy":"post_tag","embeddable":true,"href":"https:\/\/tjerkstra.com\/wordpress\/wp-json\/wp\/v2\/tags?post=21126"}],"curies":[{"name":"wp","href":"https:\/\/api.w.org\/{rel}","templated":true}]}}