{"id":21058,"date":"2023-05-31T16:35:05","date_gmt":"2023-05-31T16:35:05","guid":{"rendered":"https:\/\/tjerkstra.com\/wordpress\/?p=21058"},"modified":"2023-05-31T16:35:40","modified_gmt":"2023-05-31T16:35:40","slug":"undergong-fan-elam","status":"publish","type":"post","link":"https:\/\/tjerkstra.com\/wordpress\/bibelbylden\/undergong-fan-elam\/","title":{"rendered":"Undergong fan Elam"},"content":{"rendered":"\n<figure class=\"wp-block-image size-full is-style-default\"><img loading=\"lazy\" decoding=\"async\" width=\"360\" height=\"465\" src=\"https:\/\/tjerkstra.com\/wordpress\/wp-content\/uploads\/2023\/05\/Bogesjitter.jpg\" alt=\"\" class=\"wp-image-21060\" srcset=\"https:\/\/tjerkstra.com\/wordpress\/wp-content\/uploads\/2023\/05\/Bogesjitter.jpg 360w, https:\/\/tjerkstra.com\/wordpress\/wp-content\/uploads\/2023\/05\/Bogesjitter-232x300.jpg 232w, https:\/\/tjerkstra.com\/wordpress\/wp-content\/uploads\/2023\/05\/Bogesjitter-271x350.jpg 271w, https:\/\/tjerkstra.com\/wordpress\/wp-content\/uploads\/2023\/05\/Bogesjitter-55x71.jpg 55w\" sizes=\"auto, (max-width: 360px) 100vw, 360px\" \/><\/figure>\n\n\n\n<p><em>fan \u00fbnbekend*<\/em><br>Jeremia<em><br><\/em><br>De Heare set syn troan yn Elam,<br>eastlik fan it grutte Babelsk ryk,<br>en reaget foarst en riken \u00fat \u2019e wei,<br>gjinien fan har fynt noch \u00fbntwyk.<br><br>De b\u00f4ge fan dat folk wurdt brutsen,<br>dat gjin t\u00fbke kriger yn de striid<br>sjit noch in pylk, it folk giet \u00fat \u2019e wei,<br>der komt in ein oan Elams tiid.<br><br>De Hear ropt op de fjouwer winen,<br>dy\u2019t ferdriuwe sille Elams folk<br>nei fjouwer streken, d\u00ear\u2019t de wyn weikomt,<br>dy\u2019t tsjinnet foar de Hear as tolk.<br><br>Gods gleone grime sil har treffe,<br>triljend stean sy foar de fij\u00e2n oer,<br>dan komt it flymjend swurd op harren wei,<br>mar Elams lot keart op \u2019en doer.<br><br><em>* Yllustraasje \u2018B\u00f4gesjitter\u2019<br><\/em><br><br><\/p>\n","protected":false},"excerpt":{"rendered":"<p>fan \u00fbnbekend*JeremiaDe Heare set syn troan yn Elam,eastlik fan it grutte Babelsk ryk,en reaget foarst en riken \u00fat \u2019e wei,gjinien fan har fynt noch \u00fbntwyk. De b\u00f4ge fan dat folk wurdt brutsen,dat gjin t\u00fbke kriger yn de striidsjit noch in pylk, it folk giet \u00fat \u2019e wei,der komt in ein oan Elams tiid. De Hear [&hellip;]<\/p>\n","protected":false},"author":1,"featured_media":0,"comment_status":"closed","ping_status":"closed","sticky":false,"template":"","format":"standard","meta":{"footnotes":""},"categories":[4],"tags":[],"class_list":["post-21058","post","type-post","status-publish","format-standard","hentry","category-bibelbylden"],"_links":{"self":[{"href":"https:\/\/tjerkstra.com\/wordpress\/wp-json\/wp\/v2\/posts\/21058","targetHints":{"allow":["GET"]}}],"collection":[{"href":"https:\/\/tjerkstra.com\/wordpress\/wp-json\/wp\/v2\/posts"}],"about":[{"href":"https:\/\/tjerkstra.com\/wordpress\/wp-json\/wp\/v2\/types\/post"}],"author":[{"embeddable":true,"href":"https:\/\/tjerkstra.com\/wordpress\/wp-json\/wp\/v2\/users\/1"}],"replies":[{"embeddable":true,"href":"https:\/\/tjerkstra.com\/wordpress\/wp-json\/wp\/v2\/comments?post=21058"}],"version-history":[{"count":3,"href":"https:\/\/tjerkstra.com\/wordpress\/wp-json\/wp\/v2\/posts\/21058\/revisions"}],"predecessor-version":[{"id":21062,"href":"https:\/\/tjerkstra.com\/wordpress\/wp-json\/wp\/v2\/posts\/21058\/revisions\/21062"}],"wp:attachment":[{"href":"https:\/\/tjerkstra.com\/wordpress\/wp-json\/wp\/v2\/media?parent=21058"}],"wp:term":[{"taxonomy":"category","embeddable":true,"href":"https:\/\/tjerkstra.com\/wordpress\/wp-json\/wp\/v2\/categories?post=21058"},{"taxonomy":"post_tag","embeddable":true,"href":"https:\/\/tjerkstra.com\/wordpress\/wp-json\/wp\/v2\/tags?post=21058"}],"curies":[{"name":"wp","href":"https:\/\/api.w.org\/{rel}","templated":true}]}}