{"id":20845,"date":"2023-04-12T15:31:28","date_gmt":"2023-04-12T15:31:28","guid":{"rendered":"https:\/\/tjerkstra.com\/wordpress\/?p=20845"},"modified":"2023-04-12T15:31:28","modified_gmt":"2023-04-12T15:31:28","slug":"befrijing-en-betizing","status":"publish","type":"post","link":"https:\/\/tjerkstra.com\/wordpress\/bibelbylden\/befrijing-en-betizing\/","title":{"rendered":"Befrijing en betizing"},"content":{"rendered":"\n<figure class=\"wp-block-image size-large is-style-default\"><img loading=\"lazy\" decoding=\"async\" width=\"450\" height=\"600\" src=\"https:\/\/tjerkstra.com\/wordpress\/wp-content\/uploads\/2023\/04\/Gibeon-450x600.jpg\" alt=\"\" class=\"wp-image-20847\" srcset=\"https:\/\/tjerkstra.com\/wordpress\/wp-content\/uploads\/2023\/04\/Gibeon-450x600.jpg 450w, https:\/\/tjerkstra.com\/wordpress\/wp-content\/uploads\/2023\/04\/Gibeon-225x300.jpg 225w, https:\/\/tjerkstra.com\/wordpress\/wp-content\/uploads\/2023\/04\/Gibeon-768x1024.jpg 768w, https:\/\/tjerkstra.com\/wordpress\/wp-content\/uploads\/2023\/04\/Gibeon-1152x1536.jpg 1152w, https:\/\/tjerkstra.com\/wordpress\/wp-content\/uploads\/2023\/04\/Gibeon-262x350.jpg 262w, https:\/\/tjerkstra.com\/wordpress\/wp-content\/uploads\/2023\/04\/Gibeon-53x71.jpg 53w, https:\/\/tjerkstra.com\/wordpress\/wp-content\/uploads\/2023\/04\/Gibeon.jpg 1280w\" sizes=\"auto, (max-width: 450px) 100vw, 450px\" \/><\/figure>\n\n\n\n<p><em>fan \u00fbnbekend*<\/em><br>Jeremia<em><br><\/em><br>Moardner Jisjmael hie finzen nommen<br>\u2019t folk dat noch yn Mispa wie<br>en gie op wei nei Ammon ta<br>om sa oan \u2019t oardiel te \u00fbntkommen.<br><br>Jochanan hie lykwols al fernommen<br>fan de moarden op syn foarst<br>en folk en r\u00f4p de striders op<br>om foar it rjocht rap op te kommen.<br><br>By de poel fan Gibe\u00f6n ferstommen<br>earst de l\u00fbden fan it folk<br>fan Mispa, finzen \u00fbnderweis,<br>mar letter wiene sy ferromme.<br><br>Bliid is \u2019t folk nei Jochanan ta kommen,<br>dy\u2019t net wist fan w\u00ear nei ta,<br>want foarst Gedalja wie ek dea,<br>mar Jisjmael wist te \u00fatkommen.<br><br><em>* Foto \u2018De \u00e2lde st\u00ead fan Gibe\u00f6n\u2019<br><\/em><br><br><\/p>\n","protected":false},"excerpt":{"rendered":"<p>fan \u00fbnbekend*JeremiaMoardner Jisjmael hie finzen nommen\u2019t folk dat noch yn Mispa wieen gie op wei nei Ammon taom sa oan \u2019t oardiel te \u00fbntkommen. Jochanan hie lykwols al fernommenfan de moarden op syn foarsten folk en r\u00f4p de striders opom foar it rjocht rap op te kommen. By de poel fan Gibe\u00f6n ferstommenearst de l\u00fbden [&hellip;]<\/p>\n","protected":false},"author":1,"featured_media":0,"comment_status":"closed","ping_status":"closed","sticky":false,"template":"","format":"standard","meta":{"footnotes":""},"categories":[4],"tags":[],"class_list":["post-20845","post","type-post","status-publish","format-standard","hentry","category-bibelbylden"],"_links":{"self":[{"href":"https:\/\/tjerkstra.com\/wordpress\/wp-json\/wp\/v2\/posts\/20845","targetHints":{"allow":["GET"]}}],"collection":[{"href":"https:\/\/tjerkstra.com\/wordpress\/wp-json\/wp\/v2\/posts"}],"about":[{"href":"https:\/\/tjerkstra.com\/wordpress\/wp-json\/wp\/v2\/types\/post"}],"author":[{"embeddable":true,"href":"https:\/\/tjerkstra.com\/wordpress\/wp-json\/wp\/v2\/users\/1"}],"replies":[{"embeddable":true,"href":"https:\/\/tjerkstra.com\/wordpress\/wp-json\/wp\/v2\/comments?post=20845"}],"version-history":[{"count":2,"href":"https:\/\/tjerkstra.com\/wordpress\/wp-json\/wp\/v2\/posts\/20845\/revisions"}],"predecessor-version":[{"id":20848,"href":"https:\/\/tjerkstra.com\/wordpress\/wp-json\/wp\/v2\/posts\/20845\/revisions\/20848"}],"wp:attachment":[{"href":"https:\/\/tjerkstra.com\/wordpress\/wp-json\/wp\/v2\/media?parent=20845"}],"wp:term":[{"taxonomy":"category","embeddable":true,"href":"https:\/\/tjerkstra.com\/wordpress\/wp-json\/wp\/v2\/categories?post=20845"},{"taxonomy":"post_tag","embeddable":true,"href":"https:\/\/tjerkstra.com\/wordpress\/wp-json\/wp\/v2\/tags?post=20845"}],"curies":[{"name":"wp","href":"https:\/\/api.w.org\/{rel}","templated":true}]}}