{"id":2082,"date":"2016-10-08T18:31:51","date_gmt":"2016-10-08T18:31:51","guid":{"rendered":"http:\/\/www.tjerkstra.com\/wordpress\/?p=2082"},"modified":"2016-10-08T18:31:51","modified_gmt":"2016-10-08T18:31:51","slug":"ful","status":"publish","type":"post","link":"https:\/\/tjerkstra.com\/wordpress\/lyrysk-deiboek\/ful\/","title":{"rendered":"F\u00fbl"},"content":{"rendered":"<table class=\"contentpaneopen\">\n<tbody>\n<tr>\n<td class=\"contentheading\" width=\"100%\"><\/td>\n<td class=\"buttonheading\" align=\"right\" width=\"100%\"><a title=\"PDF\"> <img decoding=\"async\" src=\"http:\/\/www.tjerkstra.com\/images\/M_images\/pdf_button.png\" alt=\"PDF\" name=\"image\" align=\"middle\" border=\"0\" \/> <\/a><\/td>\n<td class=\"buttonheading\" align=\"right\" width=\"100%\"><a title=\"Print\"> <img decoding=\"async\" src=\"http:\/\/www.tjerkstra.com\/images\/M_images\/printButton.png\" alt=\"Print\" name=\"image\" align=\"middle\" border=\"0\" \/> <\/a><\/td>\n<td class=\"buttonheading\" align=\"right\" width=\"100%\"><a title=\"E-mail\"> <img decoding=\"async\" src=\"http:\/\/www.tjerkstra.com\/images\/M_images\/emailButton.png\" alt=\"E-mail\" name=\"image\" align=\"middle\" border=\"0\" \/> <\/a><\/td>\n<\/tr>\n<\/tbody>\n<\/table>\n<table class=\"contentpaneopen\">\n<tbody>\n<tr>\n<td colspan=\"2\" valign=\"top\"><img loading=\"lazy\" decoding=\"async\" title=\"Image\" src=\"http:\/\/www.tjerkstra.com\/images\/stories\/deiboek2\/ynternet100_5010.jpg\" alt=\"Image\" width=\"450\" height=\"338\" border=\"0\" hspace=\"6\" \/><\/p>\n<p>De striid hat west, de haven l\u00fbkt,<br \/>\ngjin k\u00e2ns om hjoed te winnen,<br \/>\nhy wie as l\u00easte binnen,<br \/>\nmar beide ha de bealich br\u00fbkt,<br \/>\nmei wyn en weagen striden,<br \/>\nwant wa&#8217;t him jout oan &#8217;t wide,<br \/>\nferjit de lea, de finish l\u00fbkt&#8230;<br \/>\nmar moarn sil &#8217;t wer begjinne,<br \/>\ndan is er hiel allinne<br \/>\nen wurdt er sels de dei troch br\u00fbkt.<\/p>\n<p>In miuw fleach foar him \u00fat,<br \/>\nbesocht him oan te wizen<br \/>\nit striken en it rizen<br \/>\nfan wjukken yn de flecht.<\/p>\n<p><img loading=\"lazy\" decoding=\"async\" title=\"Image\" src=\"http:\/\/www.tjerkstra.com\/images\/stories\/deiboek2\/ynternet100_5002.jpg\" alt=\"Image\" width=\"450\" height=\"338\" border=\"0\" hspace=\"6\" \/><\/p>\n<p>Ynienen wie de loft<br \/>\nfol mei ek oare miuwen,<br \/>\nin kriezen en in wiuwen<br \/>\nfan wjukken wyt as snie.<\/p>\n<p>Se dwarrelen doe del<br \/>\nop harren f\u00easte stiennen<br \/>\nom sa wer te begjinnen<br \/>\nmei &#8217;t brieden, waarm en f\u00fbl.<\/p>\n<p><img loading=\"lazy\" decoding=\"async\" title=\"Image\" src=\"http:\/\/www.tjerkstra.com\/images\/stories\/deiboek2\/ynternet100_5013.jpg\" alt=\"Image\" width=\"450\" height=\"338\" border=\"0\" hspace=\"6\" \/><\/p>\n<p>En nei ferrin fan tiid<br \/>\nbeg\u00fbn de dop te brekken,<br \/>\nin kopke \u00fat te stekken<br \/>\nen sjoch, d\u00ear wie de pyk.<\/p>\n<p><img loading=\"lazy\" decoding=\"async\" title=\"Image\" src=\"http:\/\/www.tjerkstra.com\/images\/stories\/deiboek2\/ynternet100_5085.jpg\" alt=\"Image\" width=\"450\" height=\"338\" border=\"0\" hspace=\"6\" \/><\/p>\n<p>In wedstriid \u00fbnder t\u00fach<br \/>\nbetsjut in hiel oar stribjen<br \/>\nas hoe&#8217;t de miuwen libje,<br \/>\nmar&#8230;<br \/>\nby beide giet it f\u00fbl.<\/td>\n<\/tr>\n<\/tbody>\n<\/table>\n","protected":false},"excerpt":{"rendered":"<p>De striid hat west, de haven l\u00fbkt, gjin k\u00e2ns om hjoed te winnen, hy wie as l\u00easte binnen, mar beide ha de bealich br\u00fbkt, mei wyn en weagen striden, want wa&#8217;t him jout oan &#8217;t wide, ferjit de lea, de finish l\u00fbkt&#8230; mar moarn sil &#8217;t wer begjinne, dan is er hiel allinne en wurdt [&hellip;]<\/p>\n","protected":false},"author":1,"featured_media":0,"comment_status":"closed","ping_status":"closed","sticky":false,"template":"","format":"standard","meta":{"footnotes":""},"categories":[3],"tags":[],"class_list":["post-2082","post","type-post","status-publish","format-standard","hentry","category-lyrysk-deiboek"],"_links":{"self":[{"href":"https:\/\/tjerkstra.com\/wordpress\/wp-json\/wp\/v2\/posts\/2082","targetHints":{"allow":["GET"]}}],"collection":[{"href":"https:\/\/tjerkstra.com\/wordpress\/wp-json\/wp\/v2\/posts"}],"about":[{"href":"https:\/\/tjerkstra.com\/wordpress\/wp-json\/wp\/v2\/types\/post"}],"author":[{"embeddable":true,"href":"https:\/\/tjerkstra.com\/wordpress\/wp-json\/wp\/v2\/users\/1"}],"replies":[{"embeddable":true,"href":"https:\/\/tjerkstra.com\/wordpress\/wp-json\/wp\/v2\/comments?post=2082"}],"version-history":[{"count":1,"href":"https:\/\/tjerkstra.com\/wordpress\/wp-json\/wp\/v2\/posts\/2082\/revisions"}],"predecessor-version":[{"id":2083,"href":"https:\/\/tjerkstra.com\/wordpress\/wp-json\/wp\/v2\/posts\/2082\/revisions\/2083"}],"wp:attachment":[{"href":"https:\/\/tjerkstra.com\/wordpress\/wp-json\/wp\/v2\/media?parent=2082"}],"wp:term":[{"taxonomy":"category","embeddable":true,"href":"https:\/\/tjerkstra.com\/wordpress\/wp-json\/wp\/v2\/categories?post=2082"},{"taxonomy":"post_tag","embeddable":true,"href":"https:\/\/tjerkstra.com\/wordpress\/wp-json\/wp\/v2\/tags?post=2082"}],"curies":[{"name":"wp","href":"https:\/\/api.w.org\/{rel}","templated":true}]}}