{"id":19833,"date":"2022-09-17T15:35:43","date_gmt":"2022-09-17T15:35:43","guid":{"rendered":"https:\/\/tjerkstra.com\/wordpress\/?p=19833"},"modified":"2022-09-17T15:35:43","modified_gmt":"2022-09-17T15:35:43","slug":"geweldige-macht","status":"publish","type":"post","link":"https:\/\/tjerkstra.com\/wordpress\/bibelbylden\/geweldige-macht\/","title":{"rendered":"Geweldige macht"},"content":{"rendered":"\n<figure class=\"wp-block-image size-full is-style-default\"><img loading=\"lazy\" decoding=\"async\" width=\"600\" height=\"450\" src=\"https:\/\/tjerkstra.com\/wordpress\/wp-content\/uploads\/2022\/09\/Stins.webp\" alt=\"\" class=\"wp-image-19835\" srcset=\"https:\/\/tjerkstra.com\/wordpress\/wp-content\/uploads\/2022\/09\/Stins.webp 600w, https:\/\/tjerkstra.com\/wordpress\/wp-content\/uploads\/2022\/09\/Stins-300x225.webp 300w, https:\/\/tjerkstra.com\/wordpress\/wp-content\/uploads\/2022\/09\/Stins-467x350.webp 467w, https:\/\/tjerkstra.com\/wordpress\/wp-content\/uploads\/2022\/09\/Stins-95x71.webp 95w\" sizes=\"auto, (max-width: 600px) 100vw, 600px\" \/><\/figure>\n\n\n\n<p><em>fan \u00fbnbekend*<\/em><br>Jeremia<em><br><\/em><br>Ik moast wol sprekke as profeet,<br>want God spriek my de wurden foar:<br>\u2018Wa\u2019t foar jim libbe ha,<br>sy r\u00fbnen achter goaden oan<br>en hiene my ferlitten;<br>jim folgen ek dat spoar,<br>de wei fan it ferhurde hert,<br>en lieten My mei jim kwea sitte;<br>d\u00earom smyt Ik jim it l\u00e2n \u00fat<br>om oare goaden te oanbidden,<br>want d\u00ear keas myn folk dochs foar?<br>Ik sjoch syn dwaan en litten,<br>My \u00fbntgiet it kweade net,<br>\u2019t komt d\u00fbbel op it folk wer del.<br>Wa\u2019t foar jim libbe ha,<br>sy r\u00fbnen \u00fat Egypte wei,<br>want harren lot wie keard,<br>fan slavernij nei de befrijing;<br>jim folgje yn datselde spoar,<br>it paad nei \u2019t eigen l\u00e2n wer ta,<br>de ein fan alle lijen.<br>Myn folk lit Ik dan witte<br>dat myn namme is de Hear,<br>geweldich is syn macht,<br>foar nimmen ea te mjitten,<br>in sterke stins bin Ik,<br>in taflecht yn de neare nacht&#8230;<br>wat makket dan in \u00f4fgod klear?\u2019<br><br><em>Foto \u2018Stins\u2019\u00a0<br><br><\/em><\/p>\n","protected":false},"excerpt":{"rendered":"<p>fan \u00fbnbekend*JeremiaIk moast wol sprekke as profeet,want God spriek my de wurden foar:\u2018Wa\u2019t foar jim libbe ha,sy r\u00fbnen achter goaden oanen hiene my ferlitten;jim folgen ek dat spoar,de wei fan it ferhurde hert,en lieten My mei jim kwea sitte;d\u00earom smyt Ik jim it l\u00e2n \u00fatom oare goaden te oanbidden,want d\u00ear keas myn folk dochs foar?Ik [&hellip;]<\/p>\n","protected":false},"author":1,"featured_media":0,"comment_status":"closed","ping_status":"closed","sticky":false,"template":"","format":"standard","meta":{"footnotes":""},"categories":[4],"tags":[],"class_list":["post-19833","post","type-post","status-publish","format-standard","hentry","category-bibelbylden"],"_links":{"self":[{"href":"https:\/\/tjerkstra.com\/wordpress\/wp-json\/wp\/v2\/posts\/19833","targetHints":{"allow":["GET"]}}],"collection":[{"href":"https:\/\/tjerkstra.com\/wordpress\/wp-json\/wp\/v2\/posts"}],"about":[{"href":"https:\/\/tjerkstra.com\/wordpress\/wp-json\/wp\/v2\/types\/post"}],"author":[{"embeddable":true,"href":"https:\/\/tjerkstra.com\/wordpress\/wp-json\/wp\/v2\/users\/1"}],"replies":[{"embeddable":true,"href":"https:\/\/tjerkstra.com\/wordpress\/wp-json\/wp\/v2\/comments?post=19833"}],"version-history":[{"count":2,"href":"https:\/\/tjerkstra.com\/wordpress\/wp-json\/wp\/v2\/posts\/19833\/revisions"}],"predecessor-version":[{"id":19836,"href":"https:\/\/tjerkstra.com\/wordpress\/wp-json\/wp\/v2\/posts\/19833\/revisions\/19836"}],"wp:attachment":[{"href":"https:\/\/tjerkstra.com\/wordpress\/wp-json\/wp\/v2\/media?parent=19833"}],"wp:term":[{"taxonomy":"category","embeddable":true,"href":"https:\/\/tjerkstra.com\/wordpress\/wp-json\/wp\/v2\/categories?post=19833"},{"taxonomy":"post_tag","embeddable":true,"href":"https:\/\/tjerkstra.com\/wordpress\/wp-json\/wp\/v2\/tags?post=19833"}],"curies":[{"name":"wp","href":"https:\/\/api.w.org\/{rel}","templated":true}]}}