{"id":19829,"date":"2022-09-16T17:42:19","date_gmt":"2022-09-16T17:42:19","guid":{"rendered":"https:\/\/tjerkstra.com\/wordpress\/?p=19829"},"modified":"2022-09-16T17:42:19","modified_gmt":"2022-09-16T17:42:19","slug":"koloniale-flagge","status":"publish","type":"post","link":"https:\/\/tjerkstra.com\/wordpress\/wraldbylden\/koloniale-flagge\/","title":{"rendered":"Koloniale flagge"},"content":{"rendered":"\n<figure class=\"wp-block-image size-full is-style-default\"><img loading=\"lazy\" decoding=\"async\" width=\"275\" height=\"183\" src=\"https:\/\/tjerkstra.com\/wordpress\/wp-content\/uploads\/2022\/09\/Komodo.jpg\" alt=\"\" class=\"wp-image-19831\" srcset=\"https:\/\/tjerkstra.com\/wordpress\/wp-content\/uploads\/2022\/09\/Komodo.jpg 275w, https:\/\/tjerkstra.com\/wordpress\/wp-content\/uploads\/2022\/09\/Komodo-102x68.jpg 102w\" sizes=\"auto, (max-width: 275px) 100vw, 275px\" \/><\/figure>\n\n\n\n<p><em>fan \u00fbnbekend*<br><\/em><br>Komodo, eil\u00e2n mei it r\u00f4ze str\u00e2n,<br>ferhellet in ferhaal, it mearke<br>fan draken en fan lytse bistkes,<br>stek de holle d\u00earfoar net yn \u2019t s\u00e2n.<br><br>De hagedissen spylje foar de draak,<br>mei bistkes fan ien sel in pearke,<br>fan minisk\u00fal nei trije meter,<br>op Komodo ha dy twa in taak.<br><br>De draak d\u00fbkt op en makket minsken kjel,<br>sadat sy nei it str\u00e2n ta flechtsje,<br>dy kleur komt fan de lytse bistkes,<br>by toeristen binne dy yn tel&#8230;<br><br>&#8230; omdat de kleur in lust is foar it each,<br>mei blau en wyt in grutte flagge,<br>natuerlik dellein op Komodo,<br>dat dy fiere naasje seach as pleach.<br><br><em>* Foto \u2018R\u00f4ze str\u00e2n op Komodo ,<br>eil\u00e2n yn Yndonesi\u00eb\u2019<br><\/em><br><\/p>\n","protected":false},"excerpt":{"rendered":"<p>fan \u00fbnbekend*Komodo, eil\u00e2n mei it r\u00f4ze str\u00e2n,ferhellet in ferhaal, it mearkefan draken en fan lytse bistkes,stek de holle d\u00earfoar net yn \u2019t s\u00e2n. De hagedissen spylje foar de draak,mei bistkes fan ien sel in pearke,fan minisk\u00fal nei trije meter,op Komodo ha dy twa in taak. De draak d\u00fbkt op en makket minsken kjel,sadat sy nei [&hellip;]<\/p>\n","protected":false},"author":1,"featured_media":0,"comment_status":"closed","ping_status":"closed","sticky":false,"template":"","format":"standard","meta":{"footnotes":""},"categories":[19],"tags":[],"class_list":["post-19829","post","type-post","status-publish","format-standard","hentry","category-wraldbylden"],"_links":{"self":[{"href":"https:\/\/tjerkstra.com\/wordpress\/wp-json\/wp\/v2\/posts\/19829","targetHints":{"allow":["GET"]}}],"collection":[{"href":"https:\/\/tjerkstra.com\/wordpress\/wp-json\/wp\/v2\/posts"}],"about":[{"href":"https:\/\/tjerkstra.com\/wordpress\/wp-json\/wp\/v2\/types\/post"}],"author":[{"embeddable":true,"href":"https:\/\/tjerkstra.com\/wordpress\/wp-json\/wp\/v2\/users\/1"}],"replies":[{"embeddable":true,"href":"https:\/\/tjerkstra.com\/wordpress\/wp-json\/wp\/v2\/comments?post=19829"}],"version-history":[{"count":2,"href":"https:\/\/tjerkstra.com\/wordpress\/wp-json\/wp\/v2\/posts\/19829\/revisions"}],"predecessor-version":[{"id":19832,"href":"https:\/\/tjerkstra.com\/wordpress\/wp-json\/wp\/v2\/posts\/19829\/revisions\/19832"}],"wp:attachment":[{"href":"https:\/\/tjerkstra.com\/wordpress\/wp-json\/wp\/v2\/media?parent=19829"}],"wp:term":[{"taxonomy":"category","embeddable":true,"href":"https:\/\/tjerkstra.com\/wordpress\/wp-json\/wp\/v2\/categories?post=19829"},{"taxonomy":"post_tag","embeddable":true,"href":"https:\/\/tjerkstra.com\/wordpress\/wp-json\/wp\/v2\/tags?post=19829"}],"curies":[{"name":"wp","href":"https:\/\/api.w.org\/{rel}","templated":true}]}}