{"id":19766,"date":"2022-09-03T15:42:18","date_gmt":"2022-09-03T15:42:18","guid":{"rendered":"https:\/\/tjerkstra.com\/wordpress\/?p=19766"},"modified":"2022-09-03T15:42:18","modified_gmt":"2022-09-03T15:42:18","slug":"ferlerne-memmen","status":"publish","type":"post","link":"https:\/\/tjerkstra.com\/wordpress\/bibelbylden\/ferlerne-memmen\/","title":{"rendered":"Ferlerne memmen"},"content":{"rendered":"\n<figure class=\"wp-block-image size-large is-resized is-style-default\"><img loading=\"lazy\" decoding=\"async\" src=\"https:\/\/tjerkstra.com\/wordpress\/wp-content\/uploads\/2022\/09\/Mem-400x600.webp\" alt=\"\" class=\"wp-image-19768\" width=\"380\" height=\"570\" srcset=\"https:\/\/tjerkstra.com\/wordpress\/wp-content\/uploads\/2022\/09\/Mem-400x600.webp 400w, https:\/\/tjerkstra.com\/wordpress\/wp-content\/uploads\/2022\/09\/Mem-200x300.webp 200w, https:\/\/tjerkstra.com\/wordpress\/wp-content\/uploads\/2022\/09\/Mem-233x350.webp 233w, https:\/\/tjerkstra.com\/wordpress\/wp-content\/uploads\/2022\/09\/Mem-47x71.webp 47w, https:\/\/tjerkstra.com\/wordpress\/wp-content\/uploads\/2022\/09\/Mem.webp 560w\" sizes=\"auto, (max-width: 380px) 100vw, 380px\" \/><\/figure>\n\n\n\n<p><em>fan Georges Minne*<\/em><br>Jeremia<em><br><\/em><br>Jeruzalem, gjinien lijt mei dy mei<br>no\u2019t Ik net mear genedich bin,<br>want do hast My de r\u00each takeard,<br>meilijen hat gjin sin.<br><br>De r\u00each takeard, omdat myn folk him net<br>fan minne wegen \u00f4fkeard hat,<br>soe Ik dan noch meilijen ha&#8230;<br>sjoch d\u00earom wat no bart.<br><br>De memmen reitsje harren berntsjes kwyt<br>en wurde widdo, grut yn tal,<br>jongkeardels fine harren mem<br>net mear, djip is de fal.<br><br>In mem fan s\u00e2n \u00fbntkomt d\u00ear ek net oan,<br>de l\u00easte sike blaast se \u00fat<br>noch foar\u2019t de sinne \u00fbndergiet,<br>it swurd blinkt ta besl\u00fat.<br><br><em>* Georges Minne (1866-1941)<br>Byld \u2018In mem g\u00fblt om har deade bern\u2019<br><\/em><br><br><br><br><\/p>\n","protected":false},"excerpt":{"rendered":"<p>fan Georges Minne*JeremiaJeruzalem, gjinien lijt mei dy meino\u2019t Ik net mear genedich bin,want do hast My de r\u00each takeard,meilijen hat gjin sin. De r\u00each takeard, omdat myn folk him netfan minne wegen \u00f4fkeard hat,soe Ik dan noch meilijen ha&#8230;sjoch d\u00earom wat no bart. De memmen reitsje harren berntsjes kwyten wurde widdo, grut yn tal,jongkeardels fine [&hellip;]<\/p>\n","protected":false},"author":1,"featured_media":0,"comment_status":"closed","ping_status":"closed","sticky":false,"template":"","format":"standard","meta":{"footnotes":""},"categories":[4],"tags":[],"class_list":["post-19766","post","type-post","status-publish","format-standard","hentry","category-bibelbylden"],"_links":{"self":[{"href":"https:\/\/tjerkstra.com\/wordpress\/wp-json\/wp\/v2\/posts\/19766","targetHints":{"allow":["GET"]}}],"collection":[{"href":"https:\/\/tjerkstra.com\/wordpress\/wp-json\/wp\/v2\/posts"}],"about":[{"href":"https:\/\/tjerkstra.com\/wordpress\/wp-json\/wp\/v2\/types\/post"}],"author":[{"embeddable":true,"href":"https:\/\/tjerkstra.com\/wordpress\/wp-json\/wp\/v2\/users\/1"}],"replies":[{"embeddable":true,"href":"https:\/\/tjerkstra.com\/wordpress\/wp-json\/wp\/v2\/comments?post=19766"}],"version-history":[{"count":2,"href":"https:\/\/tjerkstra.com\/wordpress\/wp-json\/wp\/v2\/posts\/19766\/revisions"}],"predecessor-version":[{"id":19769,"href":"https:\/\/tjerkstra.com\/wordpress\/wp-json\/wp\/v2\/posts\/19766\/revisions\/19769"}],"wp:attachment":[{"href":"https:\/\/tjerkstra.com\/wordpress\/wp-json\/wp\/v2\/media?parent=19766"}],"wp:term":[{"taxonomy":"category","embeddable":true,"href":"https:\/\/tjerkstra.com\/wordpress\/wp-json\/wp\/v2\/categories?post=19766"},{"taxonomy":"post_tag","embeddable":true,"href":"https:\/\/tjerkstra.com\/wordpress\/wp-json\/wp\/v2\/tags?post=19766"}],"curies":[{"name":"wp","href":"https:\/\/api.w.org\/{rel}","templated":true}]}}