{"id":19762,"date":"2022-09-02T15:46:36","date_gmt":"2022-09-02T15:46:36","guid":{"rendered":"https:\/\/tjerkstra.com\/wordpress\/?p=19762"},"modified":"2022-09-02T15:46:36","modified_gmt":"2022-09-02T15:46:36","slug":"libben-stjerreljocht","status":"publish","type":"post","link":"https:\/\/tjerkstra.com\/wordpress\/wraldbylden\/libben-stjerreljocht\/","title":{"rendered":"Libben stjerreljocht"},"content":{"rendered":"\n<figure class=\"wp-block-image size-large is-style-default\"><img loading=\"lazy\" decoding=\"async\" width=\"600\" height=\"400\" src=\"https:\/\/tjerkstra.com\/wordpress\/wp-content\/uploads\/2022\/09\/Glimwjirmen-600x400.jpg\" alt=\"\" class=\"wp-image-19764\" srcset=\"https:\/\/tjerkstra.com\/wordpress\/wp-content\/uploads\/2022\/09\/Glimwjirmen-600x400.jpg 600w, https:\/\/tjerkstra.com\/wordpress\/wp-content\/uploads\/2022\/09\/Glimwjirmen-300x200.jpg 300w, https:\/\/tjerkstra.com\/wordpress\/wp-content\/uploads\/2022\/09\/Glimwjirmen-525x350.jpg 525w, https:\/\/tjerkstra.com\/wordpress\/wp-content\/uploads\/2022\/09\/Glimwjirmen-102x68.jpg 102w, https:\/\/tjerkstra.com\/wordpress\/wp-content\/uploads\/2022\/09\/Glimwjirmen.jpg 720w\" sizes=\"auto, (max-width: 600px) 100vw, 600px\" \/><\/figure>\n\n\n\n<p><em>fan \u00fbnbekend*<br><\/em><br>Yn grotten is it meastal tsjuster,<br>rekket men de rjochting kwyt<br>en driget yn de nederklits<br>te kommen, gjin \u00fbntkommen<br>oan de werklikheid.<br><br>De glimwjirms jouwe de yll\u00fazje<br>fan in himel, folop ljocht<br>fan stjerren, hjir en d\u00ear in flits,<br>in grot om yn te kommen<br>foar \u2019t ynsekt dat nocht&#8230;<br><br>&#8230; hat oan in loft mei tichtby stjerren<br>dy\u2019t him n\u00fbgje foar de d\u00fbns,<br>net wittend fan de werklikheid<br>fan glimwjirms dy\u2019t heech klommen,<br>d\u00ear\u2019t er krijt de b\u00fbns.<br><br><em>* Foto \u2018Waitomo Glimwjirm Grotten yn Nij-Seel\u00e2n\u2019<br><\/em><br><br><\/p>\n","protected":false},"excerpt":{"rendered":"<p>fan \u00fbnbekend*Yn grotten is it meastal tsjuster,rekket men de rjochting kwyten driget yn de nederklitste kommen, gjin \u00fbntkommenoan de werklikheid. De glimwjirms jouwe de yll\u00fazjefan in himel, folop ljochtfan stjerren, hjir en d\u00ear in flits,in grot om yn te kommenfoar \u2019t ynsekt dat nocht&#8230; &#8230; hat oan in loft mei tichtby stjerrendy\u2019t him n\u00fbgje foar [&hellip;]<\/p>\n","protected":false},"author":1,"featured_media":0,"comment_status":"closed","ping_status":"closed","sticky":false,"template":"","format":"standard","meta":{"footnotes":""},"categories":[19],"tags":[],"class_list":["post-19762","post","type-post","status-publish","format-standard","hentry","category-wraldbylden"],"_links":{"self":[{"href":"https:\/\/tjerkstra.com\/wordpress\/wp-json\/wp\/v2\/posts\/19762","targetHints":{"allow":["GET"]}}],"collection":[{"href":"https:\/\/tjerkstra.com\/wordpress\/wp-json\/wp\/v2\/posts"}],"about":[{"href":"https:\/\/tjerkstra.com\/wordpress\/wp-json\/wp\/v2\/types\/post"}],"author":[{"embeddable":true,"href":"https:\/\/tjerkstra.com\/wordpress\/wp-json\/wp\/v2\/users\/1"}],"replies":[{"embeddable":true,"href":"https:\/\/tjerkstra.com\/wordpress\/wp-json\/wp\/v2\/comments?post=19762"}],"version-history":[{"count":2,"href":"https:\/\/tjerkstra.com\/wordpress\/wp-json\/wp\/v2\/posts\/19762\/revisions"}],"predecessor-version":[{"id":19765,"href":"https:\/\/tjerkstra.com\/wordpress\/wp-json\/wp\/v2\/posts\/19762\/revisions\/19765"}],"wp:attachment":[{"href":"https:\/\/tjerkstra.com\/wordpress\/wp-json\/wp\/v2\/media?parent=19762"}],"wp:term":[{"taxonomy":"category","embeddable":true,"href":"https:\/\/tjerkstra.com\/wordpress\/wp-json\/wp\/v2\/categories?post=19762"},{"taxonomy":"post_tag","embeddable":true,"href":"https:\/\/tjerkstra.com\/wordpress\/wp-json\/wp\/v2\/tags?post=19762"}],"curies":[{"name":"wp","href":"https:\/\/api.w.org\/{rel}","templated":true}]}}