{"id":19751,"date":"2022-08-31T15:31:24","date_gmt":"2022-08-31T15:31:24","guid":{"rendered":"https:\/\/tjerkstra.com\/wordpress\/?p=19751"},"modified":"2022-08-31T15:48:42","modified_gmt":"2022-08-31T15:48:42","slug":"leed-as-bestimming","status":"publish","type":"post","link":"https:\/\/tjerkstra.com\/wordpress\/bibelbylden\/leed-as-bestimming\/","title":{"rendered":"Leed as bestimming"},"content":{"rendered":"\n<p><\/p>\n\n\n\n<p><em>fan Jan Luyken*<\/em><br>Jeremia<em><br><\/em><br>Mei s\u00e2n pear earen moast ik harkje,<br>d\u00earfoar is men ek profeet,<br>mar meastal klonk in min berjocht,<br>myn m\u00fble r\u00fbn dan oer fan leed.<br><br>De Hear woe fan syn folk neat witte,<br>al stie Samu\u00ebl foar him,<br>sels Mozes koe foar \u2019t folk neat dwaan,<br>God harke net nei harren stim.<br><br>Hoe soe ik dan noch freegje doarre<br>w\u00ear\u2019t it foar \u00fas hinne gie,<br>ik wist der kaam in min berjocht,<br>d\u00ear\u2019t ik al wer fersteld fan stie.<br><br>De Hear liet de bestimming witte:<br>Wa\u2019t bestimd is foar de dea&#8230; de dea,<br>wa\u2019t ornearre is foar \u2019t swurd&#8230; it swurd,<br>wa\u2019t in lege mage hat&#8230; de honger,<br>wa\u2019t as balling libje moat&#8230; de ballingskip.<br><br>Ik moast noch mear oer straffen hearre:<br>\u2019t swurd soe liede ta de dea,<br>de h\u00fbnen sleepten liken fuort<br>en \u2019t wylde bist friet oan de lea.<br><br>Mei s\u00e2n pear earen moast ik hearre<br>hoe\u2019t de folken fan de wr\u00e2ld<br>fan foarst Manasse griisden&#8230;<br>syn s\u00fbnden wiene mannichf\u00e2ld.<br><br><em>* Jan Luyken (1649-1712)<br>Yllustraasje \u2018Manasse bekeart him yn de finzenis\u2019<\/em><\/p>\n\n\n\n<figure class=\"wp-block-image size-full is-style-default\"><img loading=\"lazy\" decoding=\"async\" width=\"220\" height=\"249\" src=\"https:\/\/tjerkstra.com\/wordpress\/wp-content\/uploads\/2022\/08\/Manasse.jpg\" alt=\"\" class=\"wp-image-19753\" srcset=\"https:\/\/tjerkstra.com\/wordpress\/wp-content\/uploads\/2022\/08\/Manasse.jpg 220w, https:\/\/tjerkstra.com\/wordpress\/wp-content\/uploads\/2022\/08\/Manasse-63x71.jpg 63w\" sizes=\"auto, (max-width: 220px) 100vw, 220px\" \/><\/figure>\n","protected":false},"excerpt":{"rendered":"<p>fan Jan Luyken*JeremiaMei s\u00e2n pear earen moast ik harkje,d\u00earfoar is men ek profeet,mar meastal klonk in min berjocht,myn m\u00fble r\u00fbn dan oer fan leed. De Hear woe fan syn folk neat witte,al stie Samu\u00ebl foar him,sels Mozes koe foar \u2019t folk neat dwaan,God harke net nei harren stim. Hoe soe ik dan noch freegje doarrew\u00ear\u2019t [&hellip;]<\/p>\n","protected":false},"author":1,"featured_media":0,"comment_status":"closed","ping_status":"closed","sticky":false,"template":"","format":"standard","meta":{"footnotes":""},"categories":[4],"tags":[],"class_list":["post-19751","post","type-post","status-publish","format-standard","hentry","category-bibelbylden"],"_links":{"self":[{"href":"https:\/\/tjerkstra.com\/wordpress\/wp-json\/wp\/v2\/posts\/19751","targetHints":{"allow":["GET"]}}],"collection":[{"href":"https:\/\/tjerkstra.com\/wordpress\/wp-json\/wp\/v2\/posts"}],"about":[{"href":"https:\/\/tjerkstra.com\/wordpress\/wp-json\/wp\/v2\/types\/post"}],"author":[{"embeddable":true,"href":"https:\/\/tjerkstra.com\/wordpress\/wp-json\/wp\/v2\/users\/1"}],"replies":[{"embeddable":true,"href":"https:\/\/tjerkstra.com\/wordpress\/wp-json\/wp\/v2\/comments?post=19751"}],"version-history":[{"count":3,"href":"https:\/\/tjerkstra.com\/wordpress\/wp-json\/wp\/v2\/posts\/19751\/revisions"}],"predecessor-version":[{"id":19755,"href":"https:\/\/tjerkstra.com\/wordpress\/wp-json\/wp\/v2\/posts\/19751\/revisions\/19755"}],"wp:attachment":[{"href":"https:\/\/tjerkstra.com\/wordpress\/wp-json\/wp\/v2\/media?parent=19751"}],"wp:term":[{"taxonomy":"category","embeddable":true,"href":"https:\/\/tjerkstra.com\/wordpress\/wp-json\/wp\/v2\/categories?post=19751"},{"taxonomy":"post_tag","embeddable":true,"href":"https:\/\/tjerkstra.com\/wordpress\/wp-json\/wp\/v2\/tags?post=19751"}],"curies":[{"name":"wp","href":"https:\/\/api.w.org\/{rel}","templated":true}]}}