{"id":19727,"date":"2022-08-26T17:46:11","date_gmt":"2022-08-26T17:46:11","guid":{"rendered":"https:\/\/tjerkstra.com\/wordpress\/?p=19727"},"modified":"2022-08-26T17:46:11","modified_gmt":"2022-08-26T17:46:11","slug":"kustpoarte","status":"publish","type":"post","link":"https:\/\/tjerkstra.com\/wordpress\/wraldbylden\/kustpoarte\/","title":{"rendered":"Kustpoarte"},"content":{"rendered":"\n<figure class=\"wp-block-image size-large is-style-default\"><img loading=\"lazy\" decoding=\"async\" width=\"600\" height=\"389\" src=\"https:\/\/tjerkstra.com\/wordpress\/wp-content\/uploads\/2022\/08\/Sud-Afrika-600x389.jpg\" alt=\"\" class=\"wp-image-19729\" srcset=\"https:\/\/tjerkstra.com\/wordpress\/wp-content\/uploads\/2022\/08\/Sud-Afrika-600x389.jpg 600w, https:\/\/tjerkstra.com\/wordpress\/wp-content\/uploads\/2022\/08\/Sud-Afrika-300x195.jpg 300w, https:\/\/tjerkstra.com\/wordpress\/wp-content\/uploads\/2022\/08\/Sud-Afrika-768x498.jpg 768w, https:\/\/tjerkstra.com\/wordpress\/wp-content\/uploads\/2022\/08\/Sud-Afrika-539x350.jpg 539w, https:\/\/tjerkstra.com\/wordpress\/wp-content\/uploads\/2022\/08\/Sud-Afrika-102x66.jpg 102w, https:\/\/tjerkstra.com\/wordpress\/wp-content\/uploads\/2022\/08\/Sud-Afrika.jpg 900w\" sizes=\"auto, (max-width: 600px) 100vw, 600px\" \/><\/figure>\n\n\n\n<p><em>fan \u00fbnbekend*<\/em><br><br>De Xhosa binne wol wat wend<br>d\u00ear oan de kust fan Afrika,<br>sy wenje hjir fan \u00e2lde tiden \u00f4f,<br>dat elke muorre is bekend.<br><br>De muorren keare weagen op;<br>oanr\u00f4ljend oer de oseaan<br>bespringe sy de hoeders fan de kust,<br>de iuwen troch klinkt harren rop:<br><br>\u2018Wy batse der f\u00fbleinich yn<br>en frette stien nei stien der\u00fat,<br>dat wy it libben weagje, is \u00fas lust,<br>as freon ha wy de hurde wyn.\u2019<br><br>Sa is it grutte gat \u00fbntstien,<br>de poarte nei de Xhosa ta,<br>de herje fan de baren weaget oan,<br>mar \u2019t kustfolk rekket net \u00fbntdien.<br><br><em>* Foto \u2018Gat yn de muorre\u2019<\/em><\/p>\n","protected":false},"excerpt":{"rendered":"<p>fan \u00fbnbekend* De Xhosa binne wol wat wendd\u00ear oan de kust fan Afrika,sy wenje hjir fan \u00e2lde tiden \u00f4f,dat elke muorre is bekend. De muorren keare weagen op;oanr\u00f4ljend oer de oseaanbespringe sy de hoeders fan de kust,de iuwen troch klinkt harren rop: \u2018Wy batse der f\u00fbleinich ynen frette stien nei stien der\u00fat,dat wy it libben [&hellip;]<\/p>\n","protected":false},"author":1,"featured_media":0,"comment_status":"closed","ping_status":"closed","sticky":false,"template":"","format":"standard","meta":{"footnotes":""},"categories":[19],"tags":[],"class_list":["post-19727","post","type-post","status-publish","format-standard","hentry","category-wraldbylden"],"_links":{"self":[{"href":"https:\/\/tjerkstra.com\/wordpress\/wp-json\/wp\/v2\/posts\/19727","targetHints":{"allow":["GET"]}}],"collection":[{"href":"https:\/\/tjerkstra.com\/wordpress\/wp-json\/wp\/v2\/posts"}],"about":[{"href":"https:\/\/tjerkstra.com\/wordpress\/wp-json\/wp\/v2\/types\/post"}],"author":[{"embeddable":true,"href":"https:\/\/tjerkstra.com\/wordpress\/wp-json\/wp\/v2\/users\/1"}],"replies":[{"embeddable":true,"href":"https:\/\/tjerkstra.com\/wordpress\/wp-json\/wp\/v2\/comments?post=19727"}],"version-history":[{"count":2,"href":"https:\/\/tjerkstra.com\/wordpress\/wp-json\/wp\/v2\/posts\/19727\/revisions"}],"predecessor-version":[{"id":19730,"href":"https:\/\/tjerkstra.com\/wordpress\/wp-json\/wp\/v2\/posts\/19727\/revisions\/19730"}],"wp:attachment":[{"href":"https:\/\/tjerkstra.com\/wordpress\/wp-json\/wp\/v2\/media?parent=19727"}],"wp:term":[{"taxonomy":"category","embeddable":true,"href":"https:\/\/tjerkstra.com\/wordpress\/wp-json\/wp\/v2\/categories?post=19727"},{"taxonomy":"post_tag","embeddable":true,"href":"https:\/\/tjerkstra.com\/wordpress\/wp-json\/wp\/v2\/tags?post=19727"}],"curies":[{"name":"wp","href":"https:\/\/api.w.org\/{rel}","templated":true}]}}