{"id":19704,"date":"2022-08-22T15:33:20","date_gmt":"2022-08-22T15:33:20","guid":{"rendered":"https:\/\/tjerkstra.com\/wordpress\/?p=19704"},"modified":"2022-08-22T15:33:20","modified_gmt":"2022-08-22T15:33:20","slug":"bali-as-ylluzje","status":"publish","type":"post","link":"https:\/\/tjerkstra.com\/wordpress\/lyrysk-deiboek\/bali-as-ylluzje\/","title":{"rendered":"Bali as yll\u00fazje"},"content":{"rendered":"\n<figure class=\"wp-block-image size-large is-style-default\"><img loading=\"lazy\" decoding=\"async\" width=\"600\" height=\"449\" src=\"https:\/\/tjerkstra.com\/wordpress\/wp-content\/uploads\/2022\/08\/P1090148-1-600x449.jpg\" alt=\"\" class=\"wp-image-19706\" srcset=\"https:\/\/tjerkstra.com\/wordpress\/wp-content\/uploads\/2022\/08\/P1090148-1-600x449.jpg 600w, https:\/\/tjerkstra.com\/wordpress\/wp-content\/uploads\/2022\/08\/P1090148-1-300x225.jpg 300w, https:\/\/tjerkstra.com\/wordpress\/wp-content\/uploads\/2022\/08\/P1090148-1-768x575.jpg 768w, https:\/\/tjerkstra.com\/wordpress\/wp-content\/uploads\/2022\/08\/P1090148-1-467x350.jpg 467w, https:\/\/tjerkstra.com\/wordpress\/wp-content\/uploads\/2022\/08\/P1090148-1-95x71.jpg 95w, https:\/\/tjerkstra.com\/wordpress\/wp-content\/uploads\/2022\/08\/P1090148-1.jpg 1375w\" sizes=\"auto, (max-width: 600px) 100vw, 600px\" \/><\/figure>\n\n\n\n<p>Wa soe net tinke oan in str\u00e2n<br>mei sniewyt s\u00e2n om op te lizzen<br>s\u00fbnder wiete snie yn it gesicht,<br>net mear nei hege noaren tale,<br>inkeld swimme, waarm en licht,<br>gjin wjerst\u00e2n op it eil\u00e2n Bali.<br><br>Wa\u2019t fierder as de namme sjocht,<br>kin oer \u2019t gehiel ek noch wat sizze:<br>op \u2019t houten dek leit proviand,<br>der\u00f4f dy tinte mei twa halen,<br>silend giet it fan de kant,<br>op r\u00fbte nei it eil\u00e2n Bali.<br><br>Wa\u2019t net de eagen iepen hie,<br>dy moat him by it skip dellizze<br>dat fergiet, it is gjin moai gesicht,<br>men kin d\u00ear inkeld mar fan bale,<br>wyt wie foar \u2019t gehiel te licht,<br>sa sylt men nea nei \u2019t eil\u00e2n Bali.<br><\/p>\n\n\n\n<figure class=\"wp-block-image size-large is-style-default\"><img loading=\"lazy\" decoding=\"async\" width=\"600\" height=\"450\" src=\"https:\/\/tjerkstra.com\/wordpress\/wp-content\/uploads\/2022\/08\/P1090147-600x450.jpg\" alt=\"\" class=\"wp-image-19707\" srcset=\"https:\/\/tjerkstra.com\/wordpress\/wp-content\/uploads\/2022\/08\/P1090147-600x450.jpg 600w, https:\/\/tjerkstra.com\/wordpress\/wp-content\/uploads\/2022\/08\/P1090147-300x225.jpg 300w, https:\/\/tjerkstra.com\/wordpress\/wp-content\/uploads\/2022\/08\/P1090147-768x576.jpg 768w, https:\/\/tjerkstra.com\/wordpress\/wp-content\/uploads\/2022\/08\/P1090147-1536x1152.jpg 1536w, https:\/\/tjerkstra.com\/wordpress\/wp-content\/uploads\/2022\/08\/P1090147-2048x1536.jpg 2048w, https:\/\/tjerkstra.com\/wordpress\/wp-content\/uploads\/2022\/08\/P1090147-467x350.jpg 467w, https:\/\/tjerkstra.com\/wordpress\/wp-content\/uploads\/2022\/08\/P1090147-95x71.jpg 95w\" sizes=\"auto, (max-width: 600px) 100vw, 600px\" \/><\/figure>\n","protected":false},"excerpt":{"rendered":"<p>Wa soe net tinke oan in str\u00e2nmei sniewyt s\u00e2n om op te lizzens\u00fbnder wiete snie yn it gesicht,net mear nei hege noaren tale,inkeld swimme, waarm en licht,gjin wjerst\u00e2n op it eil\u00e2n Bali. Wa\u2019t fierder as de namme sjocht,kin oer \u2019t gehiel ek noch wat sizze:op \u2019t houten dek leit proviand,der\u00f4f dy tinte mei twa halen,silend [&hellip;]<\/p>\n","protected":false},"author":1,"featured_media":0,"comment_status":"closed","ping_status":"closed","sticky":false,"template":"","format":"standard","meta":{"footnotes":""},"categories":[3],"tags":[],"class_list":["post-19704","post","type-post","status-publish","format-standard","hentry","category-lyrysk-deiboek"],"_links":{"self":[{"href":"https:\/\/tjerkstra.com\/wordpress\/wp-json\/wp\/v2\/posts\/19704","targetHints":{"allow":["GET"]}}],"collection":[{"href":"https:\/\/tjerkstra.com\/wordpress\/wp-json\/wp\/v2\/posts"}],"about":[{"href":"https:\/\/tjerkstra.com\/wordpress\/wp-json\/wp\/v2\/types\/post"}],"author":[{"embeddable":true,"href":"https:\/\/tjerkstra.com\/wordpress\/wp-json\/wp\/v2\/users\/1"}],"replies":[{"embeddable":true,"href":"https:\/\/tjerkstra.com\/wordpress\/wp-json\/wp\/v2\/comments?post=19704"}],"version-history":[{"count":1,"href":"https:\/\/tjerkstra.com\/wordpress\/wp-json\/wp\/v2\/posts\/19704\/revisions"}],"predecessor-version":[{"id":19708,"href":"https:\/\/tjerkstra.com\/wordpress\/wp-json\/wp\/v2\/posts\/19704\/revisions\/19708"}],"wp:attachment":[{"href":"https:\/\/tjerkstra.com\/wordpress\/wp-json\/wp\/v2\/media?parent=19704"}],"wp:term":[{"taxonomy":"category","embeddable":true,"href":"https:\/\/tjerkstra.com\/wordpress\/wp-json\/wp\/v2\/categories?post=19704"},{"taxonomy":"post_tag","embeddable":true,"href":"https:\/\/tjerkstra.com\/wordpress\/wp-json\/wp\/v2\/tags?post=19704"}],"curies":[{"name":"wp","href":"https:\/\/api.w.org\/{rel}","templated":true}]}}