{"id":19700,"date":"2022-08-21T15:36:56","date_gmt":"2022-08-21T15:36:56","guid":{"rendered":"https:\/\/tjerkstra.com\/wordpress\/?p=19700"},"modified":"2022-08-21T15:36:56","modified_gmt":"2022-08-21T15:36:56","slug":"draaiende-wyn-2","status":"publish","type":"post","link":"https:\/\/tjerkstra.com\/wordpress\/skiednisbylden\/draaiende-wyn-2\/","title":{"rendered":"Draaiende wyn"},"content":{"rendered":"\n<figure class=\"wp-block-image size-full is-style-default\"><img loading=\"lazy\" decoding=\"async\" width=\"600\" height=\"388\" src=\"https:\/\/tjerkstra.com\/wordpress\/wp-content\/uploads\/2022\/08\/Versailles.jpg\" alt=\"\" class=\"wp-image-19702\" srcset=\"https:\/\/tjerkstra.com\/wordpress\/wp-content\/uploads\/2022\/08\/Versailles.jpg 600w, https:\/\/tjerkstra.com\/wordpress\/wp-content\/uploads\/2022\/08\/Versailles-300x194.jpg 300w, https:\/\/tjerkstra.com\/wordpress\/wp-content\/uploads\/2022\/08\/Versailles-541x350.jpg 541w, https:\/\/tjerkstra.com\/wordpress\/wp-content\/uploads\/2022\/08\/Versailles-102x66.jpg 102w\" sizes=\"auto, (max-width: 600px) 100vw, 600px\" \/><\/figure>\n\n\n\n<p><em>fan \u00fbnbekend*<br><\/em><br>Lit \u00fas slute in ferdrach<br>fan frede yn Versailles:<br>Saarl\u00e2n bliuwt gjin D\u00fatsk gebiet,<br>gjin milit\u00eare macht wurdt<br>D\u00fatsl\u00e2n wer, de wyn moat draaie.<br><br>Saarl\u00e2n stimt oer it gesach,<br>wol sa oer frede kleie,<br>wurdt ienriedich D\u00fatsk gebiet,<br>gjin sprake fan Versailles\u2019<br>macht, dus lit de wyn mar draaie.<br><br>Tsjinstplicht is de earste slach<br>fan Hitler, hear him blaffen:<br>\u2018D\u00fatsl\u00e2n stiet wer op \u2019e kaart,<br>sa goed wol as Versailles,<br>boppe-al fljocht myn Luftwaffe.\u2019<br><br>Lit de Joaden wurde wach,<br>want wetten keare harren<br>rjochten d\u00ear\u2019t men baat<br>by hat om ien te w\u00eazen&#8230;<br>wurdt ien Joad tenei noch sparre?<br><br><em>Yllustraasje \u2018Ferdrach fan Versailles\u2019<br><\/em><br><br><\/p>\n","protected":false},"excerpt":{"rendered":"<p>fan \u00fbnbekend*Lit \u00fas slute in ferdrachfan frede yn Versailles:Saarl\u00e2n bliuwt gjin D\u00fatsk gebiet,gjin milit\u00eare macht wurdtD\u00fatsl\u00e2n wer, de wyn moat draaie. Saarl\u00e2n stimt oer it gesach,wol sa oer frede kleie,wurdt ienriedich D\u00fatsk gebiet,gjin sprake fan Versailles\u2019macht, dus lit de wyn mar draaie. Tsjinstplicht is de earste slachfan Hitler, hear him blaffen:\u2018D\u00fatsl\u00e2n stiet wer op \u2019e [&hellip;]<\/p>\n","protected":false},"author":1,"featured_media":0,"comment_status":"closed","ping_status":"closed","sticky":false,"template":"","format":"standard","meta":{"footnotes":""},"categories":[9],"tags":[],"class_list":["post-19700","post","type-post","status-publish","format-standard","hentry","category-skiednisbylden"],"_links":{"self":[{"href":"https:\/\/tjerkstra.com\/wordpress\/wp-json\/wp\/v2\/posts\/19700","targetHints":{"allow":["GET"]}}],"collection":[{"href":"https:\/\/tjerkstra.com\/wordpress\/wp-json\/wp\/v2\/posts"}],"about":[{"href":"https:\/\/tjerkstra.com\/wordpress\/wp-json\/wp\/v2\/types\/post"}],"author":[{"embeddable":true,"href":"https:\/\/tjerkstra.com\/wordpress\/wp-json\/wp\/v2\/users\/1"}],"replies":[{"embeddable":true,"href":"https:\/\/tjerkstra.com\/wordpress\/wp-json\/wp\/v2\/comments?post=19700"}],"version-history":[{"count":2,"href":"https:\/\/tjerkstra.com\/wordpress\/wp-json\/wp\/v2\/posts\/19700\/revisions"}],"predecessor-version":[{"id":19703,"href":"https:\/\/tjerkstra.com\/wordpress\/wp-json\/wp\/v2\/posts\/19700\/revisions\/19703"}],"wp:attachment":[{"href":"https:\/\/tjerkstra.com\/wordpress\/wp-json\/wp\/v2\/media?parent=19700"}],"wp:term":[{"taxonomy":"category","embeddable":true,"href":"https:\/\/tjerkstra.com\/wordpress\/wp-json\/wp\/v2\/categories?post=19700"},{"taxonomy":"post_tag","embeddable":true,"href":"https:\/\/tjerkstra.com\/wordpress\/wp-json\/wp\/v2\/tags?post=19700"}],"curies":[{"name":"wp","href":"https:\/\/api.w.org\/{rel}","templated":true}]}}