{"id":19066,"date":"2022-04-15T15:35:54","date_gmt":"2022-04-15T15:35:54","guid":{"rendered":"https:\/\/tjerkstra.com\/wordpress\/?p=19066"},"modified":"2022-04-15T15:35:54","modified_gmt":"2022-04-15T15:35:54","slug":"fan-frijheid-sprekkend","status":"publish","type":"post","link":"https:\/\/tjerkstra.com\/wordpress\/lyrysk-deiboek\/fan-frijheid-sprekkend\/","title":{"rendered":"Fan frijheid sprekkend"},"content":{"rendered":"\n<figure class=\"wp-block-image size-large is-style-default\"><img loading=\"lazy\" decoding=\"async\" width=\"600\" height=\"400\" src=\"https:\/\/tjerkstra.com\/wordpress\/wp-content\/uploads\/2022\/04\/P1090266-600x400.jpg\" alt=\"\" class=\"wp-image-19068\" srcset=\"https:\/\/tjerkstra.com\/wordpress\/wp-content\/uploads\/2022\/04\/P1090266-600x400.jpg 600w, https:\/\/tjerkstra.com\/wordpress\/wp-content\/uploads\/2022\/04\/P1090266-300x200.jpg 300w, https:\/\/tjerkstra.com\/wordpress\/wp-content\/uploads\/2022\/04\/P1090266-768x512.jpg 768w, https:\/\/tjerkstra.com\/wordpress\/wp-content\/uploads\/2022\/04\/P1090266-1536x1024.jpg 1536w, https:\/\/tjerkstra.com\/wordpress\/wp-content\/uploads\/2022\/04\/P1090266-2048x1365.jpg 2048w, https:\/\/tjerkstra.com\/wordpress\/wp-content\/uploads\/2022\/04\/P1090266-525x350.jpg 525w, https:\/\/tjerkstra.com\/wordpress\/wp-content\/uploads\/2022\/04\/P1090266-102x68.jpg 102w\" sizes=\"auto, (max-width: 600px) 100vw, 600px\" \/><\/figure>\n\n\n\n<p>Gjin blau-giel stekt omheech<br>as teken fan oerwinning,<br>gjin sprake fan horizontaal<br>as teken fan it flakke l\u00e2n&#8230;<br>hjoed sprekt it doek in oare taal.<br><br>Dy taal klonk jierren lyn<br>as teken fan oerwinning<br>op \u00fbnderdrukking troch de macht<br>fan nazi\u2019s mei in hurde h\u00e2n,<br>dy\u2019t makke op \u2019e frijheid jacht.<br><br>H\u00e2ld swart-giel d\u00earom heech<br>as ein fan de besetting<br>troch nazi\u2019s mei in wreed ferhaal<br>fan op it l\u00east de Waach yn br\u00e2n,<br>hjoed sprekt it doek de frijheidstaal.<br><br>Lit blau-giel sprekke fan<br>de kr\u00eaft om fol te h\u00e2lden,<br>al liket it soms neare nacht,<br>de frijheid h\u00e2ldt \u00fateinlik st\u00e2n<br>wannear\u2019t de geast de macht ferslacht.<\/p>\n","protected":false},"excerpt":{"rendered":"<p>Gjin blau-giel stekt omheechas teken fan oerwinning,gjin sprake fan horizontaalas teken fan it flakke l\u00e2n&#8230;hjoed sprekt it doek in oare taal. Dy taal klonk jierren lynas teken fan oerwinningop \u00fbnderdrukking troch de machtfan nazi\u2019s mei in hurde h\u00e2n,dy\u2019t makke op \u2019e frijheid jacht. H\u00e2ld swart-giel d\u00earom heechas ein fan de besettingtroch nazi\u2019s mei in wreed [&hellip;]<\/p>\n","protected":false},"author":1,"featured_media":0,"comment_status":"closed","ping_status":"closed","sticky":false,"template":"","format":"standard","meta":{"footnotes":""},"categories":[3],"tags":[],"class_list":["post-19066","post","type-post","status-publish","format-standard","hentry","category-lyrysk-deiboek"],"_links":{"self":[{"href":"https:\/\/tjerkstra.com\/wordpress\/wp-json\/wp\/v2\/posts\/19066","targetHints":{"allow":["GET"]}}],"collection":[{"href":"https:\/\/tjerkstra.com\/wordpress\/wp-json\/wp\/v2\/posts"}],"about":[{"href":"https:\/\/tjerkstra.com\/wordpress\/wp-json\/wp\/v2\/types\/post"}],"author":[{"embeddable":true,"href":"https:\/\/tjerkstra.com\/wordpress\/wp-json\/wp\/v2\/users\/1"}],"replies":[{"embeddable":true,"href":"https:\/\/tjerkstra.com\/wordpress\/wp-json\/wp\/v2\/comments?post=19066"}],"version-history":[{"count":2,"href":"https:\/\/tjerkstra.com\/wordpress\/wp-json\/wp\/v2\/posts\/19066\/revisions"}],"predecessor-version":[{"id":19069,"href":"https:\/\/tjerkstra.com\/wordpress\/wp-json\/wp\/v2\/posts\/19066\/revisions\/19069"}],"wp:attachment":[{"href":"https:\/\/tjerkstra.com\/wordpress\/wp-json\/wp\/v2\/media?parent=19066"}],"wp:term":[{"taxonomy":"category","embeddable":true,"href":"https:\/\/tjerkstra.com\/wordpress\/wp-json\/wp\/v2\/categories?post=19066"},{"taxonomy":"post_tag","embeddable":true,"href":"https:\/\/tjerkstra.com\/wordpress\/wp-json\/wp\/v2\/tags?post=19066"}],"curies":[{"name":"wp","href":"https:\/\/api.w.org\/{rel}","templated":true}]}}