{"id":18752,"date":"2022-02-11T16:26:56","date_gmt":"2022-02-11T16:26:56","guid":{"rendered":"https:\/\/tjerkstra.com\/wordpress\/?p=18752"},"modified":"2022-02-11T16:26:56","modified_gmt":"2022-02-11T16:26:56","slug":"troilos","status":"publish","type":"post","link":"https:\/\/tjerkstra.com\/wordpress\/mytebylden\/troilos\/","title":{"rendered":"Troilos"},"content":{"rendered":"\n<figure class=\"wp-block-image size-full is-style-default\"><img loading=\"lazy\" decoding=\"async\" width=\"300\" height=\"270\" src=\"https:\/\/tjerkstra.com\/wordpress\/wp-content\/uploads\/2022\/02\/Troilos.png\" alt=\"\" class=\"wp-image-18754\" srcset=\"https:\/\/tjerkstra.com\/wordpress\/wp-content\/uploads\/2022\/02\/Troilos.png 300w, https:\/\/tjerkstra.com\/wordpress\/wp-content\/uploads\/2022\/02\/Troilos-79x71.png 79w\" sizes=\"auto, (max-width: 300px) 100vw, 300px\" \/><\/figure>\n\n\n\n<p><em>fan \u00fbnbekend*<br><\/em><br>Troilos,<br>syn namme sprekt al fan de st\u00ead<br>d\u00ear\u2019t hy as keningssoan it ljocht seach,<br>dy\u2019t it op it l\u00east net roaie<br>koe, de jongste dy\u2019t al jong ferstoar,<br>hy kaam \u00fat Troje.<br><br>Achilleus,<br>de anty-held yn \u2019t Grykske kamp,<br>dy\u2019t yn de jonge held it ljocht seach<br>fan de leafde, mar \u2019t bleau tsjuster,<br>wat him brocht ta wreker mei it swurd,<br>hy wie \u2019t paad bjuster.<br><br>Troilos:<br>Dy leafde kaam net op my oer,<br>ik seach my yn it ljocht fan \u2019t slachfjild,<br>stride foar myn leave Troje,<br>op myn hynder swaaiend mei it swurd&#8230;<br>myn ear fergoaie?<br><br>Achilleus:<br>Ik kaam ek op it slachfjild oan<br>en seach him fan syn hynder fallen,<br>doe koe ik syn libben nimme;<br>hearde ik, wylst hy as held ferstoar,<br>\u2019t ferwyt fan stimmen?<br><br><em>* Yllustraasje \u2018Troilos wurdt opwachte<br>troch Achilleus\u2019\u00a0<br><\/em><br><br><\/p>\n","protected":false},"excerpt":{"rendered":"<p>fan \u00fbnbekend*Troilos,syn namme sprekt al fan de st\u00eadd\u00ear\u2019t hy as keningssoan it ljocht seach,dy\u2019t it op it l\u00east net roaiekoe, de jongste dy\u2019t al jong ferstoar,hy kaam \u00fat Troje. Achilleus,de anty-held yn \u2019t Grykske kamp,dy\u2019t yn de jonge held it ljocht seachfan de leafde, mar \u2019t bleau tsjuster,wat him brocht ta wreker mei it swurd,hy [&hellip;]<\/p>\n","protected":false},"author":1,"featured_media":0,"comment_status":"closed","ping_status":"closed","sticky":false,"template":"","format":"standard","meta":{"footnotes":""},"categories":[11],"tags":[],"class_list":["post-18752","post","type-post","status-publish","format-standard","hentry","category-mytebylden"],"_links":{"self":[{"href":"https:\/\/tjerkstra.com\/wordpress\/wp-json\/wp\/v2\/posts\/18752","targetHints":{"allow":["GET"]}}],"collection":[{"href":"https:\/\/tjerkstra.com\/wordpress\/wp-json\/wp\/v2\/posts"}],"about":[{"href":"https:\/\/tjerkstra.com\/wordpress\/wp-json\/wp\/v2\/types\/post"}],"author":[{"embeddable":true,"href":"https:\/\/tjerkstra.com\/wordpress\/wp-json\/wp\/v2\/users\/1"}],"replies":[{"embeddable":true,"href":"https:\/\/tjerkstra.com\/wordpress\/wp-json\/wp\/v2\/comments?post=18752"}],"version-history":[{"count":2,"href":"https:\/\/tjerkstra.com\/wordpress\/wp-json\/wp\/v2\/posts\/18752\/revisions"}],"predecessor-version":[{"id":18755,"href":"https:\/\/tjerkstra.com\/wordpress\/wp-json\/wp\/v2\/posts\/18752\/revisions\/18755"}],"wp:attachment":[{"href":"https:\/\/tjerkstra.com\/wordpress\/wp-json\/wp\/v2\/media?parent=18752"}],"wp:term":[{"taxonomy":"category","embeddable":true,"href":"https:\/\/tjerkstra.com\/wordpress\/wp-json\/wp\/v2\/categories?post=18752"},{"taxonomy":"post_tag","embeddable":true,"href":"https:\/\/tjerkstra.com\/wordpress\/wp-json\/wp\/v2\/tags?post=18752"}],"curies":[{"name":"wp","href":"https:\/\/api.w.org\/{rel}","templated":true}]}}