{"id":18727,"date":"2022-02-06T16:41:23","date_gmt":"2022-02-06T16:41:23","guid":{"rendered":"https:\/\/tjerkstra.com\/wordpress\/?p=18727"},"modified":"2022-02-06T16:41:23","modified_gmt":"2022-02-06T16:41:23","slug":"beammen-foar-banen","status":"publish","type":"post","link":"https:\/\/tjerkstra.com\/wordpress\/skiednisbylden\/beammen-foar-banen\/","title":{"rendered":"Beammen foar banen"},"content":{"rendered":"\n<figure class=\"wp-block-image size-large is-style-default\"><img loading=\"lazy\" decoding=\"async\" width=\"600\" height=\"575\" src=\"https:\/\/tjerkstra.com\/wordpress\/wp-content\/uploads\/2022\/02\/Beam-3-600x575.jpg\" alt=\"\" class=\"wp-image-18729\" srcset=\"https:\/\/tjerkstra.com\/wordpress\/wp-content\/uploads\/2022\/02\/Beam-3-600x575.jpg 600w, https:\/\/tjerkstra.com\/wordpress\/wp-content\/uploads\/2022\/02\/Beam-3-300x287.jpg 300w, https:\/\/tjerkstra.com\/wordpress\/wp-content\/uploads\/2022\/02\/Beam-3-768x735.jpg 768w, https:\/\/tjerkstra.com\/wordpress\/wp-content\/uploads\/2022\/02\/Beam-3-366x350.jpg 366w, https:\/\/tjerkstra.com\/wordpress\/wp-content\/uploads\/2022\/02\/Beam-3-74x71.jpg 74w, https:\/\/tjerkstra.com\/wordpress\/wp-content\/uploads\/2022\/02\/Beam-3.jpg 800w\" sizes=\"auto, (max-width: 600px) 100vw, 600px\" \/><\/figure>\n\n\n\n<p><em>fan \u00fbnbekend*<br><\/em><br>Gjin baan fanwege de depresje<br>brocht de leechte yn \u2019t bestean,<br>sadat de twivel boppekaam:<br>hoe moat it fierder gean?<br><br>Sa foel it folk yn in depresje,<br>want de hannen rekken leech,<br>sadat de geast net boppekaam<br>om moed te jaan, \u2019t waard dreech.<br><br>It jongfolk** koe net binnen bliuwe<br>op \u2019e rop fan de natoer,<br>dy\u2019t geast en hannen nedich hie,<br>de twivel rekke oer.<br><br>Miljarden beammen waarden plante,<br>sadat Amearika waard grien,<br>in wiere died foar it miljeu<br>wie \u00fat it neat \u00fbntstien.<br><br>Wurdt wurk troch de depresje rekke,<br>lit de geast syn wurk dan dwaan,<br>it kin net s\u00fbnder de natoer<br>mei \u2019t each op wer in baan.<br><br><em>* Foto \u2018H\u00e2n en beam\u2019<br><\/em><br><em>** Civilian Conservation Corps<br><\/em><br><br><br><br><\/p>\n","protected":false},"excerpt":{"rendered":"<p>fan \u00fbnbekend*Gjin baan fanwege de depresjebrocht de leechte yn \u2019t bestean,sadat de twivel boppekaam:hoe moat it fierder gean? Sa foel it folk yn in depresje,want de hannen rekken leech,sadat de geast net boppekaamom moed te jaan, \u2019t waard dreech. It jongfolk** koe net binnen bliuweop \u2019e rop fan de natoer,dy\u2019t geast en hannen nedich hie,de [&hellip;]<\/p>\n","protected":false},"author":1,"featured_media":0,"comment_status":"closed","ping_status":"closed","sticky":false,"template":"","format":"standard","meta":{"footnotes":""},"categories":[9],"tags":[],"class_list":["post-18727","post","type-post","status-publish","format-standard","hentry","category-skiednisbylden"],"_links":{"self":[{"href":"https:\/\/tjerkstra.com\/wordpress\/wp-json\/wp\/v2\/posts\/18727","targetHints":{"allow":["GET"]}}],"collection":[{"href":"https:\/\/tjerkstra.com\/wordpress\/wp-json\/wp\/v2\/posts"}],"about":[{"href":"https:\/\/tjerkstra.com\/wordpress\/wp-json\/wp\/v2\/types\/post"}],"author":[{"embeddable":true,"href":"https:\/\/tjerkstra.com\/wordpress\/wp-json\/wp\/v2\/users\/1"}],"replies":[{"embeddable":true,"href":"https:\/\/tjerkstra.com\/wordpress\/wp-json\/wp\/v2\/comments?post=18727"}],"version-history":[{"count":2,"href":"https:\/\/tjerkstra.com\/wordpress\/wp-json\/wp\/v2\/posts\/18727\/revisions"}],"predecessor-version":[{"id":18730,"href":"https:\/\/tjerkstra.com\/wordpress\/wp-json\/wp\/v2\/posts\/18727\/revisions\/18730"}],"wp:attachment":[{"href":"https:\/\/tjerkstra.com\/wordpress\/wp-json\/wp\/v2\/media?parent=18727"}],"wp:term":[{"taxonomy":"category","embeddable":true,"href":"https:\/\/tjerkstra.com\/wordpress\/wp-json\/wp\/v2\/categories?post=18727"},{"taxonomy":"post_tag","embeddable":true,"href":"https:\/\/tjerkstra.com\/wordpress\/wp-json\/wp\/v2\/tags?post=18727"}],"curies":[{"name":"wp","href":"https:\/\/api.w.org\/{rel}","templated":true}]}}